{"id":11587,"date":"2026-05-03T08:17:08","date_gmt":"2026-05-03T06:17:08","guid":{"rendered":"https:\/\/powstaniewielkopolskie.pl\/nowa\/?p=11587"},"modified":"2026-05-03T08:17:10","modified_gmt":"2026-05-03T06:17:10","slug":"obchody-swieta-szkoly-podstawowej-im-powstancow-ziemi-opalenickiej","status":"publish","type":"post","link":"http:\/\/powstaniewielkopolskie.pl\/nowa\/?p=11587","title":{"rendered":"Obchody \u015awi\u0119ta Szko\u0142y Podstawowej im. Powsta\u0144c\u00f3w Ziemi Opalenickiej"},"content":{"rendered":"\n<figure class=\"wp-block-gallery has-nested-images columns-default is-cropped wp-block-gallery-1 is-layout-flex wp-block-gallery-is-layout-flex\">\n<figure class=\"wp-block-image size-large\"><img loading=\"lazy\" decoding=\"async\" width=\"731\" height=\"548\" data-id=\"11591\" src=\"https:\/\/powstaniewielkopolskie.pl\/nowa\/wp-content\/uploads\/2026\/05\/1a41c4ed-e38f-40ed-a902-5ca8701c0e39-bis.jpg\" alt=\"\" class=\"wp-image-11591\" srcset=\"http:\/\/powstaniewielkopolskie.pl\/nowa\/wp-content\/uploads\/2026\/05\/1a41c4ed-e38f-40ed-a902-5ca8701c0e39-bis.jpg 731w, http:\/\/powstaniewielkopolskie.pl\/nowa\/wp-content\/uploads\/2026\/05\/1a41c4ed-e38f-40ed-a902-5ca8701c0e39-bis-300x225.jpg 300w\" sizes=\"(max-width: 731px) 100vw, 731px\" \/><\/figure>\n\n\n\n<figure class=\"wp-block-image size-large\"><img loading=\"lazy\" decoding=\"async\" width=\"715\" height=\"536\" data-id=\"11592\" src=\"https:\/\/powstaniewielkopolskie.pl\/nowa\/wp-content\/uploads\/2026\/05\/b30fc27d-1117-4dc0-9246-1c5d48fdb8bf-bis.jpg\" alt=\"\" class=\"wp-image-11592\" srcset=\"http:\/\/powstaniewielkopolskie.pl\/nowa\/wp-content\/uploads\/2026\/05\/b30fc27d-1117-4dc0-9246-1c5d48fdb8bf-bis.jpg 715w, http:\/\/powstaniewielkopolskie.pl\/nowa\/wp-content\/uploads\/2026\/05\/b30fc27d-1117-4dc0-9246-1c5d48fdb8bf-bis-300x225.jpg 300w\" sizes=\"(max-width: 715px) 100vw, 715px\" \/><\/figure>\n\n\n\n<figure class=\"wp-block-image size-large\"><img loading=\"lazy\" decoding=\"async\" width=\"411\" height=\"548\" data-id=\"11593\" src=\"https:\/\/powstaniewielkopolskie.pl\/nowa\/wp-content\/uploads\/2026\/05\/9ae4ce62-8def-4830-b162-c5335e245b3f-bis.jpg\" alt=\"\" class=\"wp-image-11593\" srcset=\"http:\/\/powstaniewielkopolskie.pl\/nowa\/wp-content\/uploads\/2026\/05\/9ae4ce62-8def-4830-b162-c5335e245b3f-bis.jpg 411w, http:\/\/powstaniewielkopolskie.pl\/nowa\/wp-content\/uploads\/2026\/05\/9ae4ce62-8def-4830-b162-c5335e245b3f-bis-225x300.jpg 225w\" sizes=\"(max-width: 411px) 100vw, 411px\" \/><\/figure>\n<\/figure>\n\n\n\n<p><\/p>\n\n\n\n<p><strong>30 kwietnia 2026 r. <\/strong>&#8211; spo\u0142eczno\u015b\u0107 Szko\u0142y Podstawowej im. Powsta\u0144c\u00f3w Ziemi Opalenickiej uczci\u0142a \u015awi\u0119to Szko\u0142y, oddaj\u0105c ho\u0142d bohaterom Powstania Wielkopolskiego 1918\u20131919 oraz piel\u0119gnuj\u0105c pami\u0119\u0107 o ich odwadze i po\u015bwi\u0119ceniu. W murach szko\u0142y odby\u0142 si\u0119 XXIII Gminny Konkurs Wiedzy o Powstaniu Wielkopolskim, kt\u00f3ry zgromadzi\u0142 m\u0142odych pasjonat\u00f3w historii pragn\u0105cych pog\u0142\u0119bia\u0107 wiedz\u0119 o wydarzeniach tak wa\u017cnych dla naszej to\u017csamo\u015bci narodowej. W ramach obchod\u00f3w uczniowie uczestniczyli w wyj\u0105tkowych zaj\u0119ciach edukacyjnych w Muzeum Powstania Wielkopolskiego w Poznaniu 1918\u20131919. Pod pomnikiem Powsta\u0144c\u00f3w Wielkopolskich we wsi Terespotockie oraz pod pami\u0105tkow\u0105 tablic\u0105 znajduj\u0105c\u0105 si\u0119 przy szkole zosta\u0142y zapalone znicze. <\/p>\n\n\n\n<p class=\"has-text-align-right\">Fot. Karolina Ma\u0144czak, Monika Piosik<\/p>\n\n\n\n<p>Szerzej o wydarzeniu: <a href=\"https:\/\/powstaniewielkopolskie.pl\/nowa\/?page_id=132\">Z dzia\u0142alno\u015bci K\u00f3\u0142 i Klub\u00f3w M\u0142odzie\u017cowych \u2013 Towarzystwo Pami\u0119ci Powstania Wielkopolskiego 1918\/1919<\/a><\/p>\n<div data-animation=\"pulse\" data-icons-animation=\"no-animation\" data-overlay=\"on\" data-change-size=\"\" data-button-size=\"0.7\" style=\"font-size:0.7em;display:none;\" class=\"supsystic-social-sharing supsystic-social-sharing-package-flat supsystic-social-sharing-hide-on-homepage supsystic-social-sharing-content supsystic-social-sharing-content-align-center\" data-text=\"\"><a class=\"social-sharing-button sharer-flat sharer-flat-2 counter-standard digg\" target=\"_blank\" title=\"Digg\" href=\"http:\/\/digg.com\/submit?url=http%3A%2F%2Fpowstaniewielkopolskie.pl%2Fnowa%2F%3Fp%3D11587&title=Obchody+%C5%9Awi%C4%99ta+Szko%C5%82y+Podstawowej+im.+Powsta%C5%84c%C3%B3w+Ziemi+Opalenickiej\" data-nid=\"8\" data-name=\"\" data-pid=\"1\" data-post-id=\"11587\" data-url=\"http:\/\/powstaniewielkopolskie.pl\/nowa\/wp-admin\/admin-ajax.php\" data-url=\"http:\/\/powstaniewielkopolskie.pl\/nowa\/wp-admin\/admin-ajax.php\" data-description=\"Obchody \u015awi\u0119ta Szko\u0142y Podstawowej im. Powsta\u0144c\u00f3w Ziemi Opalenickiej\" rel=\"nofollow\"><i class=\"fa fa-fw fa-digg\"><\/i><div class=\"counter-wrap standard\"><span class=\"counter\">0<\/span><\/div><\/a><a class=\"social-sharing-button sharer-flat sharer-flat-2 counter-standard mail\" target=\"_blank\" title=\"Mail\" href=\"#\" data-nid=\"16\" data-name=\"\" data-pid=\"1\" data-post-id=\"11587\" data-url=\"http:\/\/powstaniewielkopolskie.pl\/nowa\/wp-admin\/admin-ajax.php\" data-url=\"http:\/\/powstaniewielkopolskie.pl\/nowa\/wp-admin\/admin-ajax.php\" data-description=\"Obchody \u015awi\u0119ta Szko\u0142y Podstawowej im. Powsta\u0144c\u00f3w Ziemi Opalenickiej\" rel=\"nofollow\"><i class=\"fa fa-fw fa-envelope-o\"><\/i><div class=\"counter-wrap standard\"><span class=\"counter\">0<\/span><\/div><\/a><a class=\"social-sharing-button sharer-flat sharer-flat-2 counter-standard facebook\" target=\"_blank\" title=\"Facebook\" href=\"http:\/\/www.facebook.com\/sharer.php?u=http%3A%2F%2Fpowstaniewielkopolskie.pl%2Fnowa%2F%3Fp%3D11587\" data-nid=\"1\" data-name=\"\" data-pid=\"1\" data-post-id=\"11587\" data-url=\"http:\/\/powstaniewielkopolskie.pl\/nowa\/wp-admin\/admin-ajax.php\" data-url=\"http:\/\/powstaniewielkopolskie.pl\/nowa\/wp-admin\/admin-ajax.php\" data-description=\"Obchody \u015awi\u0119ta Szko\u0142y Podstawowej im. Powsta\u0144c\u00f3w Ziemi Opalenickiej\" rel=\"nofollow\"><i class=\"fa fa-fw fa-facebook\"><\/i><div class=\"counter-wrap standard\"><span class=\"counter\">0<\/span><\/div><\/a><a class=\"social-sharing-button sharer-flat sharer-flat-2 counter-standard whatsapp\" target=\"_blank\" title=\"WhatsApp\" href=\"whatsapp:\/\/send?text=http%3A%2F%2Fpowstaniewielkopolskie.pl%2Fnowa%2F%3Fp%3D11587\" data-nid=\"18\" data-name=\"\" data-pid=\"1\" data-post-id=\"11587\" data-url=\"http:\/\/powstaniewielkopolskie.pl\/nowa\/wp-admin\/admin-ajax.php\" data-url=\"http:\/\/powstaniewielkopolskie.pl\/nowa\/wp-admin\/admin-ajax.php\" data-description=\"Obchody \u015awi\u0119ta Szko\u0142y Podstawowej im. Powsta\u0144c\u00f3w Ziemi Opalenickiej\" rel=\"nofollow\"><i class=\"fa fa-fw fa-whatsapp\"><\/i><div class=\"counter-wrap standard\"><span class=\"counter\">0<\/span><\/div><\/a><a class=\"social-sharing-button sharer-flat sharer-flat-2 counter-standard twitter\" target=\"_blank\" title=\"Twitter\" href=\"https:\/\/twitter.com\/share?url=http%3A%2F%2Fpowstaniewielkopolskie.pl%2Fnowa%2F%3Fp%3D11587&text=Obchody+%C5%9Awi%C4%99ta+Szko%C5%82y+Podstawowej+im.+Powsta%C5%84c%C3%B3w+Ziemi+Opalenickiej\" data-nid=\"2\" data-name=\"\" data-pid=\"1\" data-post-id=\"11587\" data-url=\"http:\/\/powstaniewielkopolskie.pl\/nowa\/wp-admin\/admin-ajax.php\" data-url=\"http:\/\/powstaniewielkopolskie.pl\/nowa\/wp-admin\/admin-ajax.php\" data-description=\"Obchody \u015awi\u0119ta Szko\u0142y Podstawowej im. Powsta\u0144c\u00f3w Ziemi Opalenickiej\" rel=\"nofollow\"><i class=\"fa fa-fw fa-twitter\"><\/i><div class=\"counter-wrap standard\"><span class=\"counter\">0<\/span><\/div><\/a><a class=\"social-sharing-button sharer-flat sharer-flat-2 counter-standard googleplus\" target=\"_blank\" title=\"Google+\" href=\"https:\/\/plus.google.com\/share?url=http%3A%2F%2Fpowstaniewielkopolskie.pl%2Fnowa%2F%3Fp%3D11587\" data-nid=\"3\" data-name=\"\" data-pid=\"1\" data-post-id=\"11587\" data-url=\"http:\/\/powstaniewielkopolskie.pl\/nowa\/wp-admin\/admin-ajax.php\" data-url=\"http:\/\/powstaniewielkopolskie.pl\/nowa\/wp-admin\/admin-ajax.php\" data-description=\"Obchody \u015awi\u0119ta Szko\u0142y Podstawowej im. Powsta\u0144c\u00f3w Ziemi Opalenickiej\" rel=\"nofollow\"><i class=\"fa fa-fw fa-google-plus\"><\/i><div class=\"counter-wrap standard\"><span class=\"counter\">0<\/span><\/div><\/a><\/div>","protected":false},"excerpt":{"rendered":"<p>30 kwietnia 2026 r. &#8211; spo\u0142eczno\u015b\u0107 Szko\u0142y Podstawowej im. Powsta\u0144c\u00f3w Ziemi Opalenickiej uczci\u0142a \u015awi\u0119to Szko\u0142y, oddaj\u0105c ho\u0142d bohaterom Powstania Wielkopolskiego 1918\u20131919 oraz piel\u0119gnuj\u0105c pami\u0119\u0107 o ich odwadze i po\u015bwi\u0119ceniu. W murach szko\u0142y<a class=\"moretag\" href=\"http:\/\/powstaniewielkopolskie.pl\/nowa\/?p=11587\">Czytaj wi\u0119cej&#8230;<\/a><\/p>\n<div data-animation=\"pulse\" data-icons-animation=\"no-animation\" data-overlay=\"on\" data-change-size=\"\" data-button-size=\"0.7\" style=\"font-size:0.7em;display:none;\" class=\"supsystic-social-sharing supsystic-social-sharing-package-flat supsystic-social-sharing-hide-on-homepage supsystic-social-sharing-content supsystic-social-sharing-content-align-center\" data-text=\"\"><a class=\"social-sharing-button sharer-flat sharer-flat-2 counter-standard digg\" target=\"_blank\" title=\"Digg\" href=\"http:\/\/digg.com\/submit?url=http%3A%2F%2Fpowstaniewielkopolskie.pl%2Fnowa%2F%3Fp%3D11587&title=Obchody+%C5%9Awi%C4%99ta+Szko%C5%82y+Podstawowej+im.+Powsta%C5%84c%C3%B3w+Ziemi+Opalenickiej\" data-nid=\"8\" data-name=\"\" data-pid=\"1\" data-post-id=\"11587\" data-url=\"http:\/\/powstaniewielkopolskie.pl\/nowa\/wp-admin\/admin-ajax.php\" data-url=\"http:\/\/powstaniewielkopolskie.pl\/nowa\/wp-admin\/admin-ajax.php\" data-description=\"Obchody \u015awi\u0119ta Szko\u0142y Podstawowej im. Powsta\u0144c\u00f3w Ziemi Opalenickiej\" rel=\"nofollow\"><i class=\"fa fa-fw fa-digg\"><\/i><div class=\"counter-wrap standard\"><span class=\"counter\">0<\/span><\/div><\/a><a class=\"social-sharing-button sharer-flat sharer-flat-2 counter-standard mail\" target=\"_blank\" title=\"Mail\" href=\"#\" data-nid=\"16\" data-name=\"\" data-pid=\"1\" data-post-id=\"11587\" data-url=\"http:\/\/powstaniewielkopolskie.pl\/nowa\/wp-admin\/admin-ajax.php\" data-url=\"http:\/\/powstaniewielkopolskie.pl\/nowa\/wp-admin\/admin-ajax.php\" data-description=\"Obchody \u015awi\u0119ta Szko\u0142y Podstawowej im. Powsta\u0144c\u00f3w Ziemi Opalenickiej\" rel=\"nofollow\"><i class=\"fa fa-fw fa-envelope-o\"><\/i><div class=\"counter-wrap standard\"><span class=\"counter\">0<\/span><\/div><\/a><a class=\"social-sharing-button sharer-flat sharer-flat-2 counter-standard facebook\" target=\"_blank\" title=\"Facebook\" href=\"http:\/\/www.facebook.com\/sharer.php?u=http%3A%2F%2Fpowstaniewielkopolskie.pl%2Fnowa%2F%3Fp%3D11587\" data-nid=\"1\" data-name=\"\" data-pid=\"1\" data-post-id=\"11587\" data-url=\"http:\/\/powstaniewielkopolskie.pl\/nowa\/wp-admin\/admin-ajax.php\" data-url=\"http:\/\/powstaniewielkopolskie.pl\/nowa\/wp-admin\/admin-ajax.php\" data-description=\"Obchody \u015awi\u0119ta Szko\u0142y Podstawowej im. Powsta\u0144c\u00f3w Ziemi Opalenickiej\" rel=\"nofollow\"><i class=\"fa fa-fw fa-facebook\"><\/i><div class=\"counter-wrap standard\"><span class=\"counter\">0<\/span><\/div><\/a><a class=\"social-sharing-button sharer-flat sharer-flat-2 counter-standard whatsapp\" target=\"_blank\" title=\"WhatsApp\" href=\"whatsapp:\/\/send?text=http%3A%2F%2Fpowstaniewielkopolskie.pl%2Fnowa%2F%3Fp%3D11587\" data-nid=\"18\" data-name=\"\" data-pid=\"1\" data-post-id=\"11587\" data-url=\"http:\/\/powstaniewielkopolskie.pl\/nowa\/wp-admin\/admin-ajax.php\" data-url=\"http:\/\/powstaniewielkopolskie.pl\/nowa\/wp-admin\/admin-ajax.php\" data-description=\"Obchody \u015awi\u0119ta Szko\u0142y Podstawowej im. Powsta\u0144c\u00f3w Ziemi Opalenickiej\" rel=\"nofollow\"><i class=\"fa fa-fw fa-whatsapp\"><\/i><div class=\"counter-wrap standard\"><span class=\"counter\">0<\/span><\/div><\/a><a class=\"social-sharing-button sharer-flat sharer-flat-2 counter-standard twitter\" target=\"_blank\" title=\"Twitter\" href=\"https:\/\/twitter.com\/share?url=http%3A%2F%2Fpowstaniewielkopolskie.pl%2Fnowa%2F%3Fp%3D11587&text=Obchody+%C5%9Awi%C4%99ta+Szko%C5%82y+Podstawowej+im.+Powsta%C5%84c%C3%B3w+Ziemi+Opalenickiej\" data-nid=\"2\" data-name=\"\" data-pid=\"1\" data-post-id=\"11587\" data-url=\"http:\/\/powstaniewielkopolskie.pl\/nowa\/wp-admin\/admin-ajax.php\" data-url=\"http:\/\/powstaniewielkopolskie.pl\/nowa\/wp-admin\/admin-ajax.php\" data-description=\"Obchody \u015awi\u0119ta Szko\u0142y Podstawowej im. Powsta\u0144c\u00f3w Ziemi Opalenickiej\" rel=\"nofollow\"><i class=\"fa fa-fw fa-twitter\"><\/i><div class=\"counter-wrap standard\"><span class=\"counter\">0<\/span><\/div><\/a><a class=\"social-sharing-button sharer-flat sharer-flat-2 counter-standard googleplus\" target=\"_blank\" title=\"Google+\" href=\"https:\/\/plus.google.com\/share?url=http%3A%2F%2Fpowstaniewielkopolskie.pl%2Fnowa%2F%3Fp%3D11587\" data-nid=\"3\" data-name=\"\" data-pid=\"1\" data-post-id=\"11587\" data-url=\"http:\/\/powstaniewielkopolskie.pl\/nowa\/wp-admin\/admin-ajax.php\" data-url=\"http:\/\/powstaniewielkopolskie.pl\/nowa\/wp-admin\/admin-ajax.php\" data-description=\"Obchody \u015awi\u0119ta Szko\u0142y Podstawowej im. Powsta\u0144c\u00f3w Ziemi Opalenickiej\" rel=\"nofollow\"><i class=\"fa fa-fw fa-google-plus\"><\/i><div class=\"counter-wrap standard\"><span class=\"counter\">0<\/span><\/div><\/a><\/div>","protected":false},"author":4,"featured_media":11590,"comment_status":"closed","ping_status":"open","sticky":false,"template":"","format":"standard","meta":{"footnotes":""},"categories":[3],"tags":[],"_links":{"self":[{"href":"http:\/\/powstaniewielkopolskie.pl\/nowa\/index.php?rest_route=\/wp\/v2\/posts\/11587"}],"collection":[{"href":"http:\/\/powstaniewielkopolskie.pl\/nowa\/index.php?rest_route=\/wp\/v2\/posts"}],"about":[{"href":"http:\/\/powstaniewielkopolskie.pl\/nowa\/index.php?rest_route=\/wp\/v2\/types\/post"}],"author":[{"embeddable":true,"href":"http:\/\/powstaniewielkopolskie.pl\/nowa\/index.php?rest_route=\/wp\/v2\/users\/4"}],"replies":[{"embeddable":true,"href":"http:\/\/powstaniewielkopolskie.pl\/nowa\/index.php?rest_route=%2Fwp%2Fv2%2Fcomments&post=11587"}],"version-history":[{"count":5,"href":"http:\/\/powstaniewielkopolskie.pl\/nowa\/index.php?rest_route=\/wp\/v2\/posts\/11587\/revisions"}],"predecessor-version":[{"id":11599,"href":"http:\/\/powstaniewielkopolskie.pl\/nowa\/index.php?rest_route=\/wp\/v2\/posts\/11587\/revisions\/11599"}],"wp:featuredmedia":[{"embeddable":true,"href":"http:\/\/powstaniewielkopolskie.pl\/nowa\/index.php?rest_route=\/wp\/v2\/media\/11590"}],"wp:attachment":[{"href":"http:\/\/powstaniewielkopolskie.pl\/nowa\/index.php?rest_route=%2Fwp%2Fv2%2Fmedia&parent=11587"}],"wp:term":[{"taxonomy":"category","embeddable":true,"href":"http:\/\/powstaniewielkopolskie.pl\/nowa\/index.php?rest_route=%2Fwp%2Fv2%2Fcategories&post=11587"},{"taxonomy":"post_tag","embeddable":true,"href":"http:\/\/powstaniewielkopolskie.pl\/nowa\/index.php?rest_route=%2Fwp%2Fv2%2Ftags&post=11587"}],"curies":[{"name":"wp","href":"https:\/\/api.w.org\/{rel}","templated":true}]}}