{"id":11197,"date":"2026-01-20T14:07:57","date_gmt":"2026-01-20T13:07:57","guid":{"rendered":"https:\/\/powstaniewielkopolskie.pl\/nowa\/?p=11197"},"modified":"2026-01-20T14:07:58","modified_gmt":"2026-01-20T13:07:58","slug":"w-krosnie-odrzanskim-uczczono-pamiec-powstancow-wielkopolskich","status":"publish","type":"post","link":"http:\/\/powstaniewielkopolskie.pl\/nowa\/?p=11197","title":{"rendered":"W Kro\u015bnie Odrza\u0144skim uczczono pami\u0119\u0107 Powsta\u0144c\u00f3w Wielkopolskich"},"content":{"rendered":"\n<p><strong>17 stycznia 2026 r.<\/strong> &#8211; w Kro\u015bnie Odrza\u0144skim upami\u0119tniono rocznic\u0119 transportu Powsta\u0144c\u00f3w Wielkopolskich do miejscowego obozu jenieckiego. Przy obelisku na terenie dawnego obozu zapalono znicze. Uroczysto\u015b\u0107 odby\u0142a si\u0119 z inicjatywy ko\u0142a Towarzystwa Pami\u0119ci Powstania Wielkopolskiego oraz kro\u015bnie\u0144skiego PTTK. Ob\u00f3z jeniecki w Kro\u015bnie Odrza\u0144skim powsta\u0142 w 1914 roku. Na pocz\u0105tku 1919 roku trafili tu Powsta\u0144cy Wielkopolscy, wzi\u0119ci do niewoli w trakcie powsta\u0144czych walk. P\u00f3\u017aniej do obozu przewo\u017cono tak\u017ce Powsta\u0144c\u00f3w \u015al\u0105skich. Ob\u00f3z mia\u0142 charakter przej\u015bciowy. Je\u0144cy byli tu sprawdzani pod wzgl\u0119dem przydatno\u015bci do pracy, a nast\u0119pnie transportowano ich w inne miejsca. W 90-rocznic\u0119 przybycia do Krosna Powsta\u0144c\u00f3w Wielkopolskich w miejscu dawnego obozu ods\u0142oni\u0119to pami\u0105tkowy obelisk.<\/p>\n\n\n\n<p class=\"has-text-align-right\">Fot. Janusz Kamerdu\u0142a<\/p>\n<div data-animation=\"pulse\" data-icons-animation=\"no-animation\" data-overlay=\"on\" data-change-size=\"\" data-button-size=\"0.7\" style=\"font-size:0.7em;display:none;\" class=\"supsystic-social-sharing supsystic-social-sharing-package-flat supsystic-social-sharing-hide-on-homepage supsystic-social-sharing-content supsystic-social-sharing-content-align-center\" data-text=\"\"><a class=\"social-sharing-button sharer-flat sharer-flat-2 counter-standard digg\" target=\"_blank\" title=\"Digg\" href=\"http:\/\/digg.com\/submit?url=http%3A%2F%2Fpowstaniewielkopolskie.pl%2Fnowa%2F%3Fp%3D11197&title=W+Kro%C5%9Bnie+Odrza%C5%84skim+uczczono+pami%C4%99%C4%87+Powsta%C5%84c%C3%B3w+Wielkopolskich\" data-nid=\"8\" data-name=\"\" data-pid=\"1\" data-post-id=\"11197\" data-url=\"http:\/\/powstaniewielkopolskie.pl\/nowa\/wp-admin\/admin-ajax.php\" data-url=\"http:\/\/powstaniewielkopolskie.pl\/nowa\/wp-admin\/admin-ajax.php\" data-description=\"W Kro\u015bnie Odrza\u0144skim uczczono pami\u0119\u0107 Powsta\u0144c\u00f3w Wielkopolskich\" rel=\"nofollow\"><i class=\"fa fa-fw fa-digg\"><\/i><div class=\"counter-wrap standard\"><span class=\"counter\">0<\/span><\/div><\/a><a class=\"social-sharing-button sharer-flat sharer-flat-2 counter-standard mail\" target=\"_blank\" title=\"Mail\" href=\"#\" data-nid=\"16\" data-name=\"\" data-pid=\"1\" data-post-id=\"11197\" data-url=\"http:\/\/powstaniewielkopolskie.pl\/nowa\/wp-admin\/admin-ajax.php\" data-url=\"http:\/\/powstaniewielkopolskie.pl\/nowa\/wp-admin\/admin-ajax.php\" data-description=\"W Kro\u015bnie Odrza\u0144skim uczczono pami\u0119\u0107 Powsta\u0144c\u00f3w Wielkopolskich\" rel=\"nofollow\"><i class=\"fa fa-fw fa-envelope-o\"><\/i><div class=\"counter-wrap standard\"><span class=\"counter\">0<\/span><\/div><\/a><a class=\"social-sharing-button sharer-flat sharer-flat-2 counter-standard facebook\" target=\"_blank\" title=\"Facebook\" href=\"http:\/\/www.facebook.com\/sharer.php?u=http%3A%2F%2Fpowstaniewielkopolskie.pl%2Fnowa%2F%3Fp%3D11197\" data-nid=\"1\" data-name=\"\" data-pid=\"1\" data-post-id=\"11197\" data-url=\"http:\/\/powstaniewielkopolskie.pl\/nowa\/wp-admin\/admin-ajax.php\" data-url=\"http:\/\/powstaniewielkopolskie.pl\/nowa\/wp-admin\/admin-ajax.php\" data-description=\"W Kro\u015bnie Odrza\u0144skim uczczono pami\u0119\u0107 Powsta\u0144c\u00f3w Wielkopolskich\" rel=\"nofollow\"><i class=\"fa fa-fw fa-facebook\"><\/i><div class=\"counter-wrap standard\"><span class=\"counter\">0<\/span><\/div><\/a><a class=\"social-sharing-button sharer-flat sharer-flat-2 counter-standard whatsapp\" target=\"_blank\" title=\"WhatsApp\" href=\"whatsapp:\/\/send?text=http%3A%2F%2Fpowstaniewielkopolskie.pl%2Fnowa%2F%3Fp%3D11197\" data-nid=\"18\" data-name=\"\" data-pid=\"1\" data-post-id=\"11197\" data-url=\"http:\/\/powstaniewielkopolskie.pl\/nowa\/wp-admin\/admin-ajax.php\" data-url=\"http:\/\/powstaniewielkopolskie.pl\/nowa\/wp-admin\/admin-ajax.php\" data-description=\"W Kro\u015bnie Odrza\u0144skim uczczono pami\u0119\u0107 Powsta\u0144c\u00f3w Wielkopolskich\" rel=\"nofollow\"><i class=\"fa fa-fw fa-whatsapp\"><\/i><div class=\"counter-wrap standard\"><span class=\"counter\">0<\/span><\/div><\/a><a class=\"social-sharing-button sharer-flat sharer-flat-2 counter-standard twitter\" target=\"_blank\" title=\"Twitter\" href=\"https:\/\/twitter.com\/share?url=http%3A%2F%2Fpowstaniewielkopolskie.pl%2Fnowa%2F%3Fp%3D11197&text=W+Kro%C5%9Bnie+Odrza%C5%84skim+uczczono+pami%C4%99%C4%87+Powsta%C5%84c%C3%B3w+Wielkopolskich\" data-nid=\"2\" data-name=\"\" data-pid=\"1\" data-post-id=\"11197\" data-url=\"http:\/\/powstaniewielkopolskie.pl\/nowa\/wp-admin\/admin-ajax.php\" data-url=\"http:\/\/powstaniewielkopolskie.pl\/nowa\/wp-admin\/admin-ajax.php\" data-description=\"W Kro\u015bnie Odrza\u0144skim uczczono pami\u0119\u0107 Powsta\u0144c\u00f3w Wielkopolskich\" rel=\"nofollow\"><i class=\"fa fa-fw fa-twitter\"><\/i><div class=\"counter-wrap standard\"><span class=\"counter\">0<\/span><\/div><\/a><a class=\"social-sharing-button sharer-flat sharer-flat-2 counter-standard googleplus\" target=\"_blank\" title=\"Google+\" href=\"https:\/\/plus.google.com\/share?url=http%3A%2F%2Fpowstaniewielkopolskie.pl%2Fnowa%2F%3Fp%3D11197\" data-nid=\"3\" data-name=\"\" data-pid=\"1\" data-post-id=\"11197\" data-url=\"http:\/\/powstaniewielkopolskie.pl\/nowa\/wp-admin\/admin-ajax.php\" data-url=\"http:\/\/powstaniewielkopolskie.pl\/nowa\/wp-admin\/admin-ajax.php\" data-description=\"W Kro\u015bnie Odrza\u0144skim uczczono pami\u0119\u0107 Powsta\u0144c\u00f3w Wielkopolskich\" rel=\"nofollow\"><i class=\"fa fa-fw fa-google-plus\"><\/i><div class=\"counter-wrap standard\"><span class=\"counter\">0<\/span><\/div><\/a><\/div>","protected":false},"excerpt":{"rendered":"<p>17 stycznia 2026 r. &#8211; w Kro\u015bnie Odrza\u0144skim upami\u0119tniono rocznic\u0119 transportu Powsta\u0144c\u00f3w Wielkopolskich do miejscowego obozu jenieckiego. Przy obelisku na terenie dawnego obozu zapalono znicze. Uroczysto\u015b\u0107 odby\u0142a si\u0119 z inicjatywy ko\u0142a Towarzystwa<a class=\"moretag\" href=\"http:\/\/powstaniewielkopolskie.pl\/nowa\/?p=11197\">Czytaj wi\u0119cej&#8230;<\/a><\/p>\n<div data-animation=\"pulse\" data-icons-animation=\"no-animation\" data-overlay=\"on\" data-change-size=\"\" data-button-size=\"0.7\" style=\"font-size:0.7em;display:none;\" class=\"supsystic-social-sharing supsystic-social-sharing-package-flat supsystic-social-sharing-hide-on-homepage supsystic-social-sharing-content supsystic-social-sharing-content-align-center\" data-text=\"\"><a class=\"social-sharing-button sharer-flat sharer-flat-2 counter-standard digg\" target=\"_blank\" title=\"Digg\" href=\"http:\/\/digg.com\/submit?url=http%3A%2F%2Fpowstaniewielkopolskie.pl%2Fnowa%2F%3Fp%3D11197&title=W+Kro%C5%9Bnie+Odrza%C5%84skim+uczczono+pami%C4%99%C4%87+Powsta%C5%84c%C3%B3w+Wielkopolskich\" data-nid=\"8\" data-name=\"\" data-pid=\"1\" data-post-id=\"11197\" data-url=\"http:\/\/powstaniewielkopolskie.pl\/nowa\/wp-admin\/admin-ajax.php\" data-url=\"http:\/\/powstaniewielkopolskie.pl\/nowa\/wp-admin\/admin-ajax.php\" data-description=\"W Kro\u015bnie Odrza\u0144skim uczczono pami\u0119\u0107 Powsta\u0144c\u00f3w Wielkopolskich\" rel=\"nofollow\"><i class=\"fa fa-fw fa-digg\"><\/i><div class=\"counter-wrap standard\"><span class=\"counter\">0<\/span><\/div><\/a><a class=\"social-sharing-button sharer-flat sharer-flat-2 counter-standard mail\" target=\"_blank\" title=\"Mail\" href=\"#\" data-nid=\"16\" data-name=\"\" data-pid=\"1\" data-post-id=\"11197\" data-url=\"http:\/\/powstaniewielkopolskie.pl\/nowa\/wp-admin\/admin-ajax.php\" data-url=\"http:\/\/powstaniewielkopolskie.pl\/nowa\/wp-admin\/admin-ajax.php\" data-description=\"W Kro\u015bnie Odrza\u0144skim uczczono pami\u0119\u0107 Powsta\u0144c\u00f3w Wielkopolskich\" rel=\"nofollow\"><i class=\"fa fa-fw fa-envelope-o\"><\/i><div class=\"counter-wrap standard\"><span class=\"counter\">0<\/span><\/div><\/a><a class=\"social-sharing-button sharer-flat sharer-flat-2 counter-standard facebook\" target=\"_blank\" title=\"Facebook\" href=\"http:\/\/www.facebook.com\/sharer.php?u=http%3A%2F%2Fpowstaniewielkopolskie.pl%2Fnowa%2F%3Fp%3D11197\" data-nid=\"1\" data-name=\"\" data-pid=\"1\" data-post-id=\"11197\" data-url=\"http:\/\/powstaniewielkopolskie.pl\/nowa\/wp-admin\/admin-ajax.php\" data-url=\"http:\/\/powstaniewielkopolskie.pl\/nowa\/wp-admin\/admin-ajax.php\" data-description=\"W Kro\u015bnie Odrza\u0144skim uczczono pami\u0119\u0107 Powsta\u0144c\u00f3w Wielkopolskich\" rel=\"nofollow\"><i class=\"fa fa-fw fa-facebook\"><\/i><div class=\"counter-wrap standard\"><span class=\"counter\">0<\/span><\/div><\/a><a class=\"social-sharing-button sharer-flat sharer-flat-2 counter-standard whatsapp\" target=\"_blank\" title=\"WhatsApp\" href=\"whatsapp:\/\/send?text=http%3A%2F%2Fpowstaniewielkopolskie.pl%2Fnowa%2F%3Fp%3D11197\" data-nid=\"18\" data-name=\"\" data-pid=\"1\" data-post-id=\"11197\" data-url=\"http:\/\/powstaniewielkopolskie.pl\/nowa\/wp-admin\/admin-ajax.php\" data-url=\"http:\/\/powstaniewielkopolskie.pl\/nowa\/wp-admin\/admin-ajax.php\" data-description=\"W Kro\u015bnie Odrza\u0144skim uczczono pami\u0119\u0107 Powsta\u0144c\u00f3w Wielkopolskich\" rel=\"nofollow\"><i class=\"fa fa-fw fa-whatsapp\"><\/i><div class=\"counter-wrap standard\"><span class=\"counter\">0<\/span><\/div><\/a><a class=\"social-sharing-button sharer-flat sharer-flat-2 counter-standard twitter\" target=\"_blank\" title=\"Twitter\" href=\"https:\/\/twitter.com\/share?url=http%3A%2F%2Fpowstaniewielkopolskie.pl%2Fnowa%2F%3Fp%3D11197&text=W+Kro%C5%9Bnie+Odrza%C5%84skim+uczczono+pami%C4%99%C4%87+Powsta%C5%84c%C3%B3w+Wielkopolskich\" data-nid=\"2\" data-name=\"\" data-pid=\"1\" data-post-id=\"11197\" data-url=\"http:\/\/powstaniewielkopolskie.pl\/nowa\/wp-admin\/admin-ajax.php\" data-url=\"http:\/\/powstaniewielkopolskie.pl\/nowa\/wp-admin\/admin-ajax.php\" data-description=\"W Kro\u015bnie Odrza\u0144skim uczczono pami\u0119\u0107 Powsta\u0144c\u00f3w Wielkopolskich\" rel=\"nofollow\"><i class=\"fa fa-fw fa-twitter\"><\/i><div class=\"counter-wrap standard\"><span class=\"counter\">0<\/span><\/div><\/a><a class=\"social-sharing-button sharer-flat sharer-flat-2 counter-standard googleplus\" target=\"_blank\" title=\"Google+\" href=\"https:\/\/plus.google.com\/share?url=http%3A%2F%2Fpowstaniewielkopolskie.pl%2Fnowa%2F%3Fp%3D11197\" data-nid=\"3\" data-name=\"\" data-pid=\"1\" data-post-id=\"11197\" data-url=\"http:\/\/powstaniewielkopolskie.pl\/nowa\/wp-admin\/admin-ajax.php\" data-url=\"http:\/\/powstaniewielkopolskie.pl\/nowa\/wp-admin\/admin-ajax.php\" data-description=\"W Kro\u015bnie Odrza\u0144skim uczczono pami\u0119\u0107 Powsta\u0144c\u00f3w Wielkopolskich\" rel=\"nofollow\"><i class=\"fa fa-fw fa-google-plus\"><\/i><div class=\"counter-wrap standard\"><span class=\"counter\">0<\/span><\/div><\/a><\/div>","protected":false},"author":4,"featured_media":11198,"comment_status":"closed","ping_status":"open","sticky":false,"template":"","format":"standard","meta":{"footnotes":""},"categories":[3],"tags":[],"_links":{"self":[{"href":"http:\/\/powstaniewielkopolskie.pl\/nowa\/index.php?rest_route=\/wp\/v2\/posts\/11197"}],"collection":[{"href":"http:\/\/powstaniewielkopolskie.pl\/nowa\/index.php?rest_route=\/wp\/v2\/posts"}],"about":[{"href":"http:\/\/powstaniewielkopolskie.pl\/nowa\/index.php?rest_route=\/wp\/v2\/types\/post"}],"author":[{"embeddable":true,"href":"http:\/\/powstaniewielkopolskie.pl\/nowa\/index.php?rest_route=\/wp\/v2\/users\/4"}],"replies":[{"embeddable":true,"href":"http:\/\/powstaniewielkopolskie.pl\/nowa\/index.php?rest_route=%2Fwp%2Fv2%2Fcomments&post=11197"}],"version-history":[{"count":1,"href":"http:\/\/powstaniewielkopolskie.pl\/nowa\/index.php?rest_route=\/wp\/v2\/posts\/11197\/revisions"}],"predecessor-version":[{"id":11199,"href":"http:\/\/powstaniewielkopolskie.pl\/nowa\/index.php?rest_route=\/wp\/v2\/posts\/11197\/revisions\/11199"}],"wp:featuredmedia":[{"embeddable":true,"href":"http:\/\/powstaniewielkopolskie.pl\/nowa\/index.php?rest_route=\/wp\/v2\/media\/11198"}],"wp:attachment":[{"href":"http:\/\/powstaniewielkopolskie.pl\/nowa\/index.php?rest_route=%2Fwp%2Fv2%2Fmedia&parent=11197"}],"wp:term":[{"taxonomy":"category","embeddable":true,"href":"http:\/\/powstaniewielkopolskie.pl\/nowa\/index.php?rest_route=%2Fwp%2Fv2%2Fcategories&post=11197"},{"taxonomy":"post_tag","embeddable":true,"href":"http:\/\/powstaniewielkopolskie.pl\/nowa\/index.php?rest_route=%2Fwp%2Fv2%2Ftags&post=11197"}],"curies":[{"name":"wp","href":"https:\/\/api.w.org\/{rel}","templated":true}]}}