{"id":11181,"date":"2026-01-19T18:00:35","date_gmt":"2026-01-19T17:00:35","guid":{"rendered":"https:\/\/powstaniewielkopolskie.pl\/nowa\/?p=11181"},"modified":"2026-01-19T18:03:23","modified_gmt":"2026-01-19T17:03:23","slug":"swarzedzkie-obchody-107-rocznicy-powstania-wielkopolskiego","status":"publish","type":"post","link":"http:\/\/powstaniewielkopolskie.pl\/nowa\/?p=11181","title":{"rendered":"Swarz\u0119dzkie obchody 107. rocznicy Powstania Wielkopolskiego"},"content":{"rendered":"\n<p><strong>16 stycznia 2026 r.<\/strong> &#8211; w 107. rocznic\u0119 wymarszu swarz\u0119dzkiej grupy ochotnik\u00f3w udaj\u0105cych si\u0119 do Poznania cz\u0142onkowie swarz\u0119dzkiego ko\u0142a Towarzystwa Pami\u0119ci Powstania Wielkopolskiego oraz ich go\u015bcie uczcili to wydarzenie udzia\u0142em w rocznicowym strzelaniu powsta\u0144czym, kt\u00f3re odby\u0142o si\u0119 dzi\u0119ki zaproszeniu Zdzis\u0142awa Kaczmarka &#8211; prezesa sp\u00f3\u0142ki Warika-Adamar na kryt\u0105 strzelnic\u0119 w Zalasewie. Uczestnicy tego strzelania mogli sprawdzi\u0107 swe umiej\u0119tno\u015bci i celno\u015b\u0107 oka, strzelaj\u0105c z 25 metr\u00f3w, z trzech rodzaj\u00f3w broni: karabinka sportowego 5,6 mm; pistoletu sportowego 5,6 mm oraz karabinu centralnego zap\u0142onu 9 mm.<\/p>\n\n\n\n<p><strong>18 stycznia 2026 r.<\/strong> &#8211; na pro\u015bb\u0119 swarz\u0119dzkiego ko\u0142a Towarzystwa Pami\u0119ci Powstania Wielkopolskiego, podczas mszy \u015bw. ks. proboszcz Aleksander Brzezi\u0144ski przywo\u0142a\u0142 nazwiska Swarz\u0119dzan, kt\u00f3rzy polegli w 1919 roku na froncie zachodnim Powstania Wielkopolskiego. Pod tablic\u0105 z nazwiskami powsta\u0144c\u00f3w, le\u017c\u0105cych na parafialnym cmentarzu, zosta\u0142 zapalony symboliczny znicz.<\/p>\n\n\n\n<p class=\"has-text-align-right\">Fot. Ko\u0142o TPPW w Swarz\u0119dzu<\/p>\n\n\n\n<p>Szerzej o wydarzeniach: <a href=\"https:\/\/powstaniewielkopolskie.pl\/nowa\/?page_id=132\">Z dzia\u0142alno\u015bci K\u00f3\u0142 i Klub\u00f3w M\u0142odzie\u017cowych \u2013 Towarzystwo Pami\u0119ci Powstania Wielkopolskiego 1918\/1919<\/a><\/p>\n<div data-animation=\"pulse\" data-icons-animation=\"no-animation\" data-overlay=\"on\" data-change-size=\"\" data-button-size=\"0.7\" style=\"font-size:0.7em;display:none;\" class=\"supsystic-social-sharing supsystic-social-sharing-package-flat supsystic-social-sharing-hide-on-homepage supsystic-social-sharing-content supsystic-social-sharing-content-align-center\" data-text=\"\"><a class=\"social-sharing-button sharer-flat sharer-flat-2 counter-standard digg\" target=\"_blank\" title=\"Digg\" href=\"http:\/\/digg.com\/submit?url=http%3A%2F%2Fpowstaniewielkopolskie.pl%2Fnowa%2F%3Fp%3D11181&title=Swarz%C4%99dzkie+obchody+107.+rocznicy+Powstania+Wielkopolskiego\" data-nid=\"8\" data-name=\"\" data-pid=\"1\" data-post-id=\"11181\" data-url=\"http:\/\/powstaniewielkopolskie.pl\/nowa\/wp-admin\/admin-ajax.php\" data-url=\"http:\/\/powstaniewielkopolskie.pl\/nowa\/wp-admin\/admin-ajax.php\" data-description=\"Swarz\u0119dzkie obchody 107. rocznicy Powstania Wielkopolskiego\" rel=\"nofollow\"><i class=\"fa fa-fw fa-digg\"><\/i><div class=\"counter-wrap standard\"><span class=\"counter\">0<\/span><\/div><\/a><a class=\"social-sharing-button sharer-flat sharer-flat-2 counter-standard mail\" target=\"_blank\" title=\"Mail\" href=\"#\" data-nid=\"16\" data-name=\"\" data-pid=\"1\" data-post-id=\"11181\" data-url=\"http:\/\/powstaniewielkopolskie.pl\/nowa\/wp-admin\/admin-ajax.php\" data-url=\"http:\/\/powstaniewielkopolskie.pl\/nowa\/wp-admin\/admin-ajax.php\" data-description=\"Swarz\u0119dzkie obchody 107. rocznicy Powstania Wielkopolskiego\" rel=\"nofollow\"><i class=\"fa fa-fw fa-envelope-o\"><\/i><div class=\"counter-wrap standard\"><span class=\"counter\">0<\/span><\/div><\/a><a class=\"social-sharing-button sharer-flat sharer-flat-2 counter-standard facebook\" target=\"_blank\" title=\"Facebook\" href=\"http:\/\/www.facebook.com\/sharer.php?u=http%3A%2F%2Fpowstaniewielkopolskie.pl%2Fnowa%2F%3Fp%3D11181\" data-nid=\"1\" data-name=\"\" data-pid=\"1\" data-post-id=\"11181\" data-url=\"http:\/\/powstaniewielkopolskie.pl\/nowa\/wp-admin\/admin-ajax.php\" data-url=\"http:\/\/powstaniewielkopolskie.pl\/nowa\/wp-admin\/admin-ajax.php\" data-description=\"Swarz\u0119dzkie obchody 107. rocznicy Powstania Wielkopolskiego\" rel=\"nofollow\"><i class=\"fa fa-fw fa-facebook\"><\/i><div class=\"counter-wrap standard\"><span class=\"counter\">0<\/span><\/div><\/a><a class=\"social-sharing-button sharer-flat sharer-flat-2 counter-standard whatsapp\" target=\"_blank\" title=\"WhatsApp\" href=\"whatsapp:\/\/send?text=http%3A%2F%2Fpowstaniewielkopolskie.pl%2Fnowa%2F%3Fp%3D11181\" data-nid=\"18\" data-name=\"\" data-pid=\"1\" data-post-id=\"11181\" data-url=\"http:\/\/powstaniewielkopolskie.pl\/nowa\/wp-admin\/admin-ajax.php\" data-url=\"http:\/\/powstaniewielkopolskie.pl\/nowa\/wp-admin\/admin-ajax.php\" data-description=\"Swarz\u0119dzkie obchody 107. rocznicy Powstania Wielkopolskiego\" rel=\"nofollow\"><i class=\"fa fa-fw fa-whatsapp\"><\/i><div class=\"counter-wrap standard\"><span class=\"counter\">0<\/span><\/div><\/a><a class=\"social-sharing-button sharer-flat sharer-flat-2 counter-standard twitter\" target=\"_blank\" title=\"Twitter\" href=\"https:\/\/twitter.com\/share?url=http%3A%2F%2Fpowstaniewielkopolskie.pl%2Fnowa%2F%3Fp%3D11181&text=Swarz%C4%99dzkie+obchody+107.+rocznicy+Powstania+Wielkopolskiego\" data-nid=\"2\" data-name=\"\" data-pid=\"1\" data-post-id=\"11181\" data-url=\"http:\/\/powstaniewielkopolskie.pl\/nowa\/wp-admin\/admin-ajax.php\" data-url=\"http:\/\/powstaniewielkopolskie.pl\/nowa\/wp-admin\/admin-ajax.php\" data-description=\"Swarz\u0119dzkie obchody 107. rocznicy Powstania Wielkopolskiego\" rel=\"nofollow\"><i class=\"fa fa-fw fa-twitter\"><\/i><div class=\"counter-wrap standard\"><span class=\"counter\">0<\/span><\/div><\/a><a class=\"social-sharing-button sharer-flat sharer-flat-2 counter-standard googleplus\" target=\"_blank\" title=\"Google+\" href=\"https:\/\/plus.google.com\/share?url=http%3A%2F%2Fpowstaniewielkopolskie.pl%2Fnowa%2F%3Fp%3D11181\" data-nid=\"3\" data-name=\"\" data-pid=\"1\" data-post-id=\"11181\" data-url=\"http:\/\/powstaniewielkopolskie.pl\/nowa\/wp-admin\/admin-ajax.php\" data-url=\"http:\/\/powstaniewielkopolskie.pl\/nowa\/wp-admin\/admin-ajax.php\" data-description=\"Swarz\u0119dzkie obchody 107. rocznicy Powstania Wielkopolskiego\" rel=\"nofollow\"><i class=\"fa fa-fw fa-google-plus\"><\/i><div class=\"counter-wrap standard\"><span class=\"counter\">0<\/span><\/div><\/a><\/div>","protected":false},"excerpt":{"rendered":"<p>16 stycznia 2026 r. &#8211; w 107. rocznic\u0119 wymarszu swarz\u0119dzkiej grupy ochotnik\u00f3w udaj\u0105cych si\u0119 do Poznania cz\u0142onkowie swarz\u0119dzkiego ko\u0142a Towarzystwa Pami\u0119ci Powstania Wielkopolskiego oraz ich go\u015bcie uczcili to wydarzenie udzia\u0142em w rocznicowym<a class=\"moretag\" href=\"http:\/\/powstaniewielkopolskie.pl\/nowa\/?p=11181\">Czytaj wi\u0119cej&#8230;<\/a><\/p>\n<div data-animation=\"pulse\" data-icons-animation=\"no-animation\" data-overlay=\"on\" data-change-size=\"\" data-button-size=\"0.7\" style=\"font-size:0.7em;display:none;\" class=\"supsystic-social-sharing supsystic-social-sharing-package-flat supsystic-social-sharing-hide-on-homepage supsystic-social-sharing-content supsystic-social-sharing-content-align-center\" data-text=\"\"><a class=\"social-sharing-button sharer-flat sharer-flat-2 counter-standard digg\" target=\"_blank\" title=\"Digg\" href=\"http:\/\/digg.com\/submit?url=http%3A%2F%2Fpowstaniewielkopolskie.pl%2Fnowa%2F%3Fp%3D11181&title=Swarz%C4%99dzkie+obchody+107.+rocznicy+Powstania+Wielkopolskiego\" data-nid=\"8\" data-name=\"\" data-pid=\"1\" data-post-id=\"11181\" data-url=\"http:\/\/powstaniewielkopolskie.pl\/nowa\/wp-admin\/admin-ajax.php\" data-url=\"http:\/\/powstaniewielkopolskie.pl\/nowa\/wp-admin\/admin-ajax.php\" data-description=\"Swarz\u0119dzkie obchody 107. rocznicy Powstania Wielkopolskiego\" rel=\"nofollow\"><i class=\"fa fa-fw fa-digg\"><\/i><div class=\"counter-wrap standard\"><span class=\"counter\">0<\/span><\/div><\/a><a class=\"social-sharing-button sharer-flat sharer-flat-2 counter-standard mail\" target=\"_blank\" title=\"Mail\" href=\"#\" data-nid=\"16\" data-name=\"\" data-pid=\"1\" data-post-id=\"11181\" data-url=\"http:\/\/powstaniewielkopolskie.pl\/nowa\/wp-admin\/admin-ajax.php\" data-url=\"http:\/\/powstaniewielkopolskie.pl\/nowa\/wp-admin\/admin-ajax.php\" data-description=\"Swarz\u0119dzkie obchody 107. rocznicy Powstania Wielkopolskiego\" rel=\"nofollow\"><i class=\"fa fa-fw fa-envelope-o\"><\/i><div class=\"counter-wrap standard\"><span class=\"counter\">0<\/span><\/div><\/a><a class=\"social-sharing-button sharer-flat sharer-flat-2 counter-standard facebook\" target=\"_blank\" title=\"Facebook\" href=\"http:\/\/www.facebook.com\/sharer.php?u=http%3A%2F%2Fpowstaniewielkopolskie.pl%2Fnowa%2F%3Fp%3D11181\" data-nid=\"1\" data-name=\"\" data-pid=\"1\" data-post-id=\"11181\" data-url=\"http:\/\/powstaniewielkopolskie.pl\/nowa\/wp-admin\/admin-ajax.php\" data-url=\"http:\/\/powstaniewielkopolskie.pl\/nowa\/wp-admin\/admin-ajax.php\" data-description=\"Swarz\u0119dzkie obchody 107. rocznicy Powstania Wielkopolskiego\" rel=\"nofollow\"><i class=\"fa fa-fw fa-facebook\"><\/i><div class=\"counter-wrap standard\"><span class=\"counter\">0<\/span><\/div><\/a><a class=\"social-sharing-button sharer-flat sharer-flat-2 counter-standard whatsapp\" target=\"_blank\" title=\"WhatsApp\" href=\"whatsapp:\/\/send?text=http%3A%2F%2Fpowstaniewielkopolskie.pl%2Fnowa%2F%3Fp%3D11181\" data-nid=\"18\" data-name=\"\" data-pid=\"1\" data-post-id=\"11181\" data-url=\"http:\/\/powstaniewielkopolskie.pl\/nowa\/wp-admin\/admin-ajax.php\" data-url=\"http:\/\/powstaniewielkopolskie.pl\/nowa\/wp-admin\/admin-ajax.php\" data-description=\"Swarz\u0119dzkie obchody 107. rocznicy Powstania Wielkopolskiego\" rel=\"nofollow\"><i class=\"fa fa-fw fa-whatsapp\"><\/i><div class=\"counter-wrap standard\"><span class=\"counter\">0<\/span><\/div><\/a><a class=\"social-sharing-button sharer-flat sharer-flat-2 counter-standard twitter\" target=\"_blank\" title=\"Twitter\" href=\"https:\/\/twitter.com\/share?url=http%3A%2F%2Fpowstaniewielkopolskie.pl%2Fnowa%2F%3Fp%3D11181&text=Swarz%C4%99dzkie+obchody+107.+rocznicy+Powstania+Wielkopolskiego\" data-nid=\"2\" data-name=\"\" data-pid=\"1\" data-post-id=\"11181\" data-url=\"http:\/\/powstaniewielkopolskie.pl\/nowa\/wp-admin\/admin-ajax.php\" data-url=\"http:\/\/powstaniewielkopolskie.pl\/nowa\/wp-admin\/admin-ajax.php\" data-description=\"Swarz\u0119dzkie obchody 107. rocznicy Powstania Wielkopolskiego\" rel=\"nofollow\"><i class=\"fa fa-fw fa-twitter\"><\/i><div class=\"counter-wrap standard\"><span class=\"counter\">0<\/span><\/div><\/a><a class=\"social-sharing-button sharer-flat sharer-flat-2 counter-standard googleplus\" target=\"_blank\" title=\"Google+\" href=\"https:\/\/plus.google.com\/share?url=http%3A%2F%2Fpowstaniewielkopolskie.pl%2Fnowa%2F%3Fp%3D11181\" data-nid=\"3\" data-name=\"\" data-pid=\"1\" data-post-id=\"11181\" data-url=\"http:\/\/powstaniewielkopolskie.pl\/nowa\/wp-admin\/admin-ajax.php\" data-url=\"http:\/\/powstaniewielkopolskie.pl\/nowa\/wp-admin\/admin-ajax.php\" data-description=\"Swarz\u0119dzkie obchody 107. rocznicy Powstania Wielkopolskiego\" rel=\"nofollow\"><i class=\"fa fa-fw fa-google-plus\"><\/i><div class=\"counter-wrap standard\"><span class=\"counter\">0<\/span><\/div><\/a><\/div>","protected":false},"author":4,"featured_media":11182,"comment_status":"closed","ping_status":"open","sticky":false,"template":"","format":"standard","meta":{"footnotes":""},"categories":[3],"tags":[],"_links":{"self":[{"href":"http:\/\/powstaniewielkopolskie.pl\/nowa\/index.php?rest_route=\/wp\/v2\/posts\/11181"}],"collection":[{"href":"http:\/\/powstaniewielkopolskie.pl\/nowa\/index.php?rest_route=\/wp\/v2\/posts"}],"about":[{"href":"http:\/\/powstaniewielkopolskie.pl\/nowa\/index.php?rest_route=\/wp\/v2\/types\/post"}],"author":[{"embeddable":true,"href":"http:\/\/powstaniewielkopolskie.pl\/nowa\/index.php?rest_route=\/wp\/v2\/users\/4"}],"replies":[{"embeddable":true,"href":"http:\/\/powstaniewielkopolskie.pl\/nowa\/index.php?rest_route=%2Fwp%2Fv2%2Fcomments&post=11181"}],"version-history":[{"count":3,"href":"http:\/\/powstaniewielkopolskie.pl\/nowa\/index.php?rest_route=\/wp\/v2\/posts\/11181\/revisions"}],"predecessor-version":[{"id":11189,"href":"http:\/\/powstaniewielkopolskie.pl\/nowa\/index.php?rest_route=\/wp\/v2\/posts\/11181\/revisions\/11189"}],"wp:featuredmedia":[{"embeddable":true,"href":"http:\/\/powstaniewielkopolskie.pl\/nowa\/index.php?rest_route=\/wp\/v2\/media\/11182"}],"wp:attachment":[{"href":"http:\/\/powstaniewielkopolskie.pl\/nowa\/index.php?rest_route=%2Fwp%2Fv2%2Fmedia&parent=11181"}],"wp:term":[{"taxonomy":"category","embeddable":true,"href":"http:\/\/powstaniewielkopolskie.pl\/nowa\/index.php?rest_route=%2Fwp%2Fv2%2Fcategories&post=11181"},{"taxonomy":"post_tag","embeddable":true,"href":"http:\/\/powstaniewielkopolskie.pl\/nowa\/index.php?rest_route=%2Fwp%2Fv2%2Ftags&post=11181"}],"curies":[{"name":"wp","href":"https:\/\/api.w.org\/{rel}","templated":true}]}}