{"id":10310,"date":"2025-03-22T00:25:10","date_gmt":"2025-03-21T23:25:10","guid":{"rendered":"https:\/\/powstaniewielkopolskie.pl\/nowa\/?p=10310"},"modified":"2025-03-22T00:25:11","modified_gmt":"2025-03-21T23:25:11","slug":"spotkanie-z-dyrektorem-wielkopolskiego-muzeum-niepodleglosci","status":"publish","type":"post","link":"http:\/\/powstaniewielkopolskie.pl\/nowa\/?p=10310","title":{"rendered":"Spotkanie z dyrektorem Wielkopolskiego Muzeum Niepodleg\u0142o\u015bci"},"content":{"rendered":"\n<p><strong>20 marca 2025 r.<\/strong> &#8211; odby\u0142o si\u0119 spotkanie prezesa Zarz\u0105du G\u0142\u00f3wnego TPPW T. Musia\u0142a oraz wiceprezes\u00f3w Z. Ko\u015bcia\u0144skiego oraz W. Wierzejewskiego z dyrektorem Wielkopolskiego Muzeum Niepodleg\u0142o\u015bci Przemys\u0142awem Terleckim, podczas kt\u00f3rego rozmawiano na temat wsp\u00f3\u0142pracy w wielu obszarach, w tym popularyzacji idei budowy Muzeum Powstania Wielkopolskiego 1918-1919 . W trakcie spotkania Wawrzyniec Wierzejewski przekaza\u0142 do nowego muzeum otrzyman\u0105 w Lesznie kopi\u0119 (miniatur\u0119) sztandaru 6. Pu\u0142ku Strzelc\u00f3w Wielkopolskich, kt\u00f3r\u0105 wr\u0119czono w dniu 10 sierpnia 2024 roku 125. Leszczy\u0144skiemu Batalionowi Lekkiej Piechoty im. pp\u0142k. Bernarda \u015aliwi\u0144skiego, podczas uroczystej ceremonii na Rynku w Lesznie. Warto nadmieni\u0107 , \u017ce 6. Pu\u0142k Strzelc\u00f3w Wielkopolskich zosta\u0142 sformowany z jednostek powsta\u0144czych frontu po\u0142udniowo-zachodniego, powiat\u00f3w: gosty\u0144skiego, ko\u015bcia\u0144skiego, \u015bmigielskiego. Dow\u00f3dc\u0105 pu\u0142ku by\u0142 porucznik Bernard \u015aliwi\u0144ski. W sierpniu 1919 roku w Ko\u015bcianie pu\u0142k otrzyma\u0142 chor\u0105giew. Kopi\u0119 historycznego sztandaru przekazano w\u0142a\u015bnie 125. Leszczy\u0144skiemu Batalionowi Lekkiej Piechoty im. pp\u0142k. Bernarda \u015aliwi\u0144skiego.<\/p>\n\n\n\n<p class=\"has-text-align-right\">Fot. Zdzis\u0142aw Ko\u015bcia\u0144ski<\/p>\n<div data-animation=\"pulse\" data-icons-animation=\"no-animation\" data-overlay=\"on\" data-change-size=\"\" data-button-size=\"0.7\" style=\"font-size:0.7em;display:none;\" class=\"supsystic-social-sharing supsystic-social-sharing-package-flat supsystic-social-sharing-hide-on-homepage supsystic-social-sharing-content supsystic-social-sharing-content-align-center\" data-text=\"\"><a class=\"social-sharing-button sharer-flat sharer-flat-2 counter-standard digg\" target=\"_blank\" title=\"Digg\" href=\"http:\/\/digg.com\/submit?url=http%3A%2F%2Fpowstaniewielkopolskie.pl%2Fnowa%2F%3Fp%3D10310&title=Spotkanie+z+dyrektorem+Wielkopolskiego+Muzeum+Niepodleg%C5%82o%C5%9Bci\" data-nid=\"8\" data-name=\"\" data-pid=\"1\" data-post-id=\"10310\" data-url=\"http:\/\/powstaniewielkopolskie.pl\/nowa\/wp-admin\/admin-ajax.php\" data-url=\"http:\/\/powstaniewielkopolskie.pl\/nowa\/wp-admin\/admin-ajax.php\" data-description=\"Spotkanie z dyrektorem Wielkopolskiego Muzeum Niepodleg\u0142o\u015bci\" rel=\"nofollow\"><i class=\"fa fa-fw fa-digg\"><\/i><div class=\"counter-wrap standard\"><span class=\"counter\">0<\/span><\/div><\/a><a class=\"social-sharing-button sharer-flat sharer-flat-2 counter-standard mail\" target=\"_blank\" title=\"Mail\" href=\"#\" data-nid=\"16\" data-name=\"\" data-pid=\"1\" data-post-id=\"10310\" data-url=\"http:\/\/powstaniewielkopolskie.pl\/nowa\/wp-admin\/admin-ajax.php\" data-url=\"http:\/\/powstaniewielkopolskie.pl\/nowa\/wp-admin\/admin-ajax.php\" data-description=\"Spotkanie z dyrektorem Wielkopolskiego Muzeum Niepodleg\u0142o\u015bci\" rel=\"nofollow\"><i class=\"fa fa-fw fa-envelope-o\"><\/i><div class=\"counter-wrap standard\"><span class=\"counter\">0<\/span><\/div><\/a><a class=\"social-sharing-button sharer-flat sharer-flat-2 counter-standard facebook\" target=\"_blank\" title=\"Facebook\" href=\"http:\/\/www.facebook.com\/sharer.php?u=http%3A%2F%2Fpowstaniewielkopolskie.pl%2Fnowa%2F%3Fp%3D10310\" data-nid=\"1\" data-name=\"\" data-pid=\"1\" data-post-id=\"10310\" data-url=\"http:\/\/powstaniewielkopolskie.pl\/nowa\/wp-admin\/admin-ajax.php\" data-url=\"http:\/\/powstaniewielkopolskie.pl\/nowa\/wp-admin\/admin-ajax.php\" data-description=\"Spotkanie z dyrektorem Wielkopolskiego Muzeum Niepodleg\u0142o\u015bci\" rel=\"nofollow\"><i class=\"fa fa-fw fa-facebook\"><\/i><div class=\"counter-wrap standard\"><span class=\"counter\">0<\/span><\/div><\/a><a class=\"social-sharing-button sharer-flat sharer-flat-2 counter-standard whatsapp\" target=\"_blank\" title=\"WhatsApp\" href=\"whatsapp:\/\/send?text=http%3A%2F%2Fpowstaniewielkopolskie.pl%2Fnowa%2F%3Fp%3D10310\" data-nid=\"18\" data-name=\"\" data-pid=\"1\" data-post-id=\"10310\" data-url=\"http:\/\/powstaniewielkopolskie.pl\/nowa\/wp-admin\/admin-ajax.php\" data-url=\"http:\/\/powstaniewielkopolskie.pl\/nowa\/wp-admin\/admin-ajax.php\" data-description=\"Spotkanie z dyrektorem Wielkopolskiego Muzeum Niepodleg\u0142o\u015bci\" rel=\"nofollow\"><i class=\"fa fa-fw fa-whatsapp\"><\/i><div class=\"counter-wrap standard\"><span class=\"counter\">0<\/span><\/div><\/a><a class=\"social-sharing-button sharer-flat sharer-flat-2 counter-standard twitter\" target=\"_blank\" title=\"Twitter\" href=\"https:\/\/twitter.com\/share?url=http%3A%2F%2Fpowstaniewielkopolskie.pl%2Fnowa%2F%3Fp%3D10310&text=Spotkanie+z+dyrektorem+Wielkopolskiego+Muzeum+Niepodleg%C5%82o%C5%9Bci\" data-nid=\"2\" data-name=\"\" data-pid=\"1\" data-post-id=\"10310\" data-url=\"http:\/\/powstaniewielkopolskie.pl\/nowa\/wp-admin\/admin-ajax.php\" data-url=\"http:\/\/powstaniewielkopolskie.pl\/nowa\/wp-admin\/admin-ajax.php\" data-description=\"Spotkanie z dyrektorem Wielkopolskiego Muzeum Niepodleg\u0142o\u015bci\" rel=\"nofollow\"><i class=\"fa fa-fw fa-twitter\"><\/i><div class=\"counter-wrap standard\"><span class=\"counter\">0<\/span><\/div><\/a><a class=\"social-sharing-button sharer-flat sharer-flat-2 counter-standard googleplus\" target=\"_blank\" title=\"Google+\" href=\"https:\/\/plus.google.com\/share?url=http%3A%2F%2Fpowstaniewielkopolskie.pl%2Fnowa%2F%3Fp%3D10310\" data-nid=\"3\" data-name=\"\" data-pid=\"1\" data-post-id=\"10310\" data-url=\"http:\/\/powstaniewielkopolskie.pl\/nowa\/wp-admin\/admin-ajax.php\" data-url=\"http:\/\/powstaniewielkopolskie.pl\/nowa\/wp-admin\/admin-ajax.php\" data-description=\"Spotkanie z dyrektorem Wielkopolskiego Muzeum Niepodleg\u0142o\u015bci\" rel=\"nofollow\"><i class=\"fa fa-fw fa-google-plus\"><\/i><div class=\"counter-wrap standard\"><span class=\"counter\">0<\/span><\/div><\/a><\/div>","protected":false},"excerpt":{"rendered":"<p>20 marca 2025 r. &#8211; odby\u0142o si\u0119 spotkanie prezesa Zarz\u0105du G\u0142\u00f3wnego TPPW T. Musia\u0142a oraz wiceprezes\u00f3w Z. Ko\u015bcia\u0144skiego oraz W. Wierzejewskiego z dyrektorem Wielkopolskiego Muzeum Niepodleg\u0142o\u015bci Przemys\u0142awem Terleckim, podczas kt\u00f3rego rozmawiano na<a class=\"moretag\" href=\"http:\/\/powstaniewielkopolskie.pl\/nowa\/?p=10310\">Czytaj wi\u0119cej&#8230;<\/a><\/p>\n<div data-animation=\"pulse\" data-icons-animation=\"no-animation\" data-overlay=\"on\" data-change-size=\"\" data-button-size=\"0.7\" style=\"font-size:0.7em;display:none;\" class=\"supsystic-social-sharing supsystic-social-sharing-package-flat supsystic-social-sharing-hide-on-homepage supsystic-social-sharing-content supsystic-social-sharing-content-align-center\" data-text=\"\"><a class=\"social-sharing-button sharer-flat sharer-flat-2 counter-standard digg\" target=\"_blank\" title=\"Digg\" href=\"http:\/\/digg.com\/submit?url=http%3A%2F%2Fpowstaniewielkopolskie.pl%2Fnowa%2F%3Fp%3D10310&title=Spotkanie+z+dyrektorem+Wielkopolskiego+Muzeum+Niepodleg%C5%82o%C5%9Bci\" data-nid=\"8\" data-name=\"\" data-pid=\"1\" data-post-id=\"10310\" data-url=\"http:\/\/powstaniewielkopolskie.pl\/nowa\/wp-admin\/admin-ajax.php\" data-url=\"http:\/\/powstaniewielkopolskie.pl\/nowa\/wp-admin\/admin-ajax.php\" data-description=\"Spotkanie z dyrektorem Wielkopolskiego Muzeum Niepodleg\u0142o\u015bci\" rel=\"nofollow\"><i class=\"fa fa-fw fa-digg\"><\/i><div class=\"counter-wrap standard\"><span class=\"counter\">0<\/span><\/div><\/a><a class=\"social-sharing-button sharer-flat sharer-flat-2 counter-standard mail\" target=\"_blank\" title=\"Mail\" href=\"#\" data-nid=\"16\" data-name=\"\" data-pid=\"1\" data-post-id=\"10310\" data-url=\"http:\/\/powstaniewielkopolskie.pl\/nowa\/wp-admin\/admin-ajax.php\" data-url=\"http:\/\/powstaniewielkopolskie.pl\/nowa\/wp-admin\/admin-ajax.php\" data-description=\"Spotkanie z dyrektorem Wielkopolskiego Muzeum Niepodleg\u0142o\u015bci\" rel=\"nofollow\"><i class=\"fa fa-fw fa-envelope-o\"><\/i><div class=\"counter-wrap standard\"><span class=\"counter\">0<\/span><\/div><\/a><a class=\"social-sharing-button sharer-flat sharer-flat-2 counter-standard facebook\" target=\"_blank\" title=\"Facebook\" href=\"http:\/\/www.facebook.com\/sharer.php?u=http%3A%2F%2Fpowstaniewielkopolskie.pl%2Fnowa%2F%3Fp%3D10310\" data-nid=\"1\" data-name=\"\" data-pid=\"1\" data-post-id=\"10310\" data-url=\"http:\/\/powstaniewielkopolskie.pl\/nowa\/wp-admin\/admin-ajax.php\" data-url=\"http:\/\/powstaniewielkopolskie.pl\/nowa\/wp-admin\/admin-ajax.php\" data-description=\"Spotkanie z dyrektorem Wielkopolskiego Muzeum Niepodleg\u0142o\u015bci\" rel=\"nofollow\"><i class=\"fa fa-fw fa-facebook\"><\/i><div class=\"counter-wrap standard\"><span class=\"counter\">0<\/span><\/div><\/a><a class=\"social-sharing-button sharer-flat sharer-flat-2 counter-standard whatsapp\" target=\"_blank\" title=\"WhatsApp\" href=\"whatsapp:\/\/send?text=http%3A%2F%2Fpowstaniewielkopolskie.pl%2Fnowa%2F%3Fp%3D10310\" data-nid=\"18\" data-name=\"\" data-pid=\"1\" data-post-id=\"10310\" data-url=\"http:\/\/powstaniewielkopolskie.pl\/nowa\/wp-admin\/admin-ajax.php\" data-url=\"http:\/\/powstaniewielkopolskie.pl\/nowa\/wp-admin\/admin-ajax.php\" data-description=\"Spotkanie z dyrektorem Wielkopolskiego Muzeum Niepodleg\u0142o\u015bci\" rel=\"nofollow\"><i class=\"fa fa-fw fa-whatsapp\"><\/i><div class=\"counter-wrap standard\"><span class=\"counter\">0<\/span><\/div><\/a><a class=\"social-sharing-button sharer-flat sharer-flat-2 counter-standard twitter\" target=\"_blank\" title=\"Twitter\" href=\"https:\/\/twitter.com\/share?url=http%3A%2F%2Fpowstaniewielkopolskie.pl%2Fnowa%2F%3Fp%3D10310&text=Spotkanie+z+dyrektorem+Wielkopolskiego+Muzeum+Niepodleg%C5%82o%C5%9Bci\" data-nid=\"2\" data-name=\"\" data-pid=\"1\" data-post-id=\"10310\" data-url=\"http:\/\/powstaniewielkopolskie.pl\/nowa\/wp-admin\/admin-ajax.php\" data-url=\"http:\/\/powstaniewielkopolskie.pl\/nowa\/wp-admin\/admin-ajax.php\" data-description=\"Spotkanie z dyrektorem Wielkopolskiego Muzeum Niepodleg\u0142o\u015bci\" rel=\"nofollow\"><i class=\"fa fa-fw fa-twitter\"><\/i><div class=\"counter-wrap standard\"><span class=\"counter\">0<\/span><\/div><\/a><a class=\"social-sharing-button sharer-flat sharer-flat-2 counter-standard googleplus\" target=\"_blank\" title=\"Google+\" href=\"https:\/\/plus.google.com\/share?url=http%3A%2F%2Fpowstaniewielkopolskie.pl%2Fnowa%2F%3Fp%3D10310\" data-nid=\"3\" data-name=\"\" data-pid=\"1\" data-post-id=\"10310\" data-url=\"http:\/\/powstaniewielkopolskie.pl\/nowa\/wp-admin\/admin-ajax.php\" data-url=\"http:\/\/powstaniewielkopolskie.pl\/nowa\/wp-admin\/admin-ajax.php\" data-description=\"Spotkanie z dyrektorem Wielkopolskiego Muzeum Niepodleg\u0142o\u015bci\" rel=\"nofollow\"><i class=\"fa fa-fw fa-google-plus\"><\/i><div class=\"counter-wrap standard\"><span class=\"counter\">0<\/span><\/div><\/a><\/div>","protected":false},"author":4,"featured_media":10313,"comment_status":"closed","ping_status":"open","sticky":false,"template":"","format":"standard","meta":{"footnotes":""},"categories":[3],"tags":[],"_links":{"self":[{"href":"http:\/\/powstaniewielkopolskie.pl\/nowa\/index.php?rest_route=\/wp\/v2\/posts\/10310"}],"collection":[{"href":"http:\/\/powstaniewielkopolskie.pl\/nowa\/index.php?rest_route=\/wp\/v2\/posts"}],"about":[{"href":"http:\/\/powstaniewielkopolskie.pl\/nowa\/index.php?rest_route=\/wp\/v2\/types\/post"}],"author":[{"embeddable":true,"href":"http:\/\/powstaniewielkopolskie.pl\/nowa\/index.php?rest_route=\/wp\/v2\/users\/4"}],"replies":[{"embeddable":true,"href":"http:\/\/powstaniewielkopolskie.pl\/nowa\/index.php?rest_route=%2Fwp%2Fv2%2Fcomments&post=10310"}],"version-history":[{"count":2,"href":"http:\/\/powstaniewielkopolskie.pl\/nowa\/index.php?rest_route=\/wp\/v2\/posts\/10310\/revisions"}],"predecessor-version":[{"id":10314,"href":"http:\/\/powstaniewielkopolskie.pl\/nowa\/index.php?rest_route=\/wp\/v2\/posts\/10310\/revisions\/10314"}],"wp:featuredmedia":[{"embeddable":true,"href":"http:\/\/powstaniewielkopolskie.pl\/nowa\/index.php?rest_route=\/wp\/v2\/media\/10313"}],"wp:attachment":[{"href":"http:\/\/powstaniewielkopolskie.pl\/nowa\/index.php?rest_route=%2Fwp%2Fv2%2Fmedia&parent=10310"}],"wp:term":[{"taxonomy":"category","embeddable":true,"href":"http:\/\/powstaniewielkopolskie.pl\/nowa\/index.php?rest_route=%2Fwp%2Fv2%2Fcategories&post=10310"},{"taxonomy":"post_tag","embeddable":true,"href":"http:\/\/powstaniewielkopolskie.pl\/nowa\/index.php?rest_route=%2Fwp%2Fv2%2Ftags&post=10310"}],"curies":[{"name":"wp","href":"https:\/\/api.w.org\/{rel}","templated":true}]}}