{"id":10189,"date":"2025-02-13T14:32:37","date_gmt":"2025-02-13T13:32:37","guid":{"rendered":"https:\/\/powstaniewielkopolskie.pl\/nowa\/?p=10189"},"modified":"2025-02-13T14:32:38","modified_gmt":"2025-02-13T13:32:38","slug":"oddano-hold-powstancom-wielkopolskim-z-oddzialu-lomnickiego","status":"publish","type":"post","link":"http:\/\/powstaniewielkopolskie.pl\/nowa\/?p=10189","title":{"rendered":"Oddano ho\u0142d Powsta\u0144com Wielkopolskim z Oddzia\u0142u \u0141omnickiego"},"content":{"rendered":"\n<figure class=\"wp-block-gallery has-nested-images columns-default is-cropped wp-block-gallery-1 is-layout-flex wp-block-gallery-is-layout-flex\">\n<figure class=\"wp-block-image size-large\"><img loading=\"lazy\" decoding=\"async\" width=\"930\" height=\"599\" data-id=\"10192\" src=\"https:\/\/powstaniewielkopolskie.pl\/nowa\/wp-content\/uploads\/2025\/02\/1-bis.jpg\" alt=\"\" class=\"wp-image-10192\" srcset=\"http:\/\/powstaniewielkopolskie.pl\/nowa\/wp-content\/uploads\/2025\/02\/1-bis.jpg 930w, http:\/\/powstaniewielkopolskie.pl\/nowa\/wp-content\/uploads\/2025\/02\/1-bis-300x193.jpg 300w, http:\/\/powstaniewielkopolskie.pl\/nowa\/wp-content\/uploads\/2025\/02\/1-bis-768x495.jpg 768w\" sizes=\"(max-width: 930px) 100vw, 930px\" \/><\/figure>\n\n\n\n<figure class=\"wp-block-image size-large\"><img loading=\"lazy\" decoding=\"async\" width=\"831\" height=\"555\" data-id=\"10193\" src=\"https:\/\/powstaniewielkopolskie.pl\/nowa\/wp-content\/uploads\/2025\/02\/11-bis.jpg\" alt=\"\" class=\"wp-image-10193\" srcset=\"http:\/\/powstaniewielkopolskie.pl\/nowa\/wp-content\/uploads\/2025\/02\/11-bis.jpg 831w, http:\/\/powstaniewielkopolskie.pl\/nowa\/wp-content\/uploads\/2025\/02\/11-bis-300x200.jpg 300w, http:\/\/powstaniewielkopolskie.pl\/nowa\/wp-content\/uploads\/2025\/02\/11-bis-768x513.jpg 768w\" sizes=\"(max-width: 831px) 100vw, 831px\" \/><\/figure>\n\n\n\n<figure class=\"wp-block-image size-large\"><img loading=\"lazy\" decoding=\"async\" width=\"823\" height=\"544\" data-id=\"10194\" src=\"https:\/\/powstaniewielkopolskie.pl\/nowa\/wp-content\/uploads\/2025\/02\/19-bis.jpg\" alt=\"\" class=\"wp-image-10194\" srcset=\"http:\/\/powstaniewielkopolskie.pl\/nowa\/wp-content\/uploads\/2025\/02\/19-bis.jpg 823w, http:\/\/powstaniewielkopolskie.pl\/nowa\/wp-content\/uploads\/2025\/02\/19-bis-300x198.jpg 300w, http:\/\/powstaniewielkopolskie.pl\/nowa\/wp-content\/uploads\/2025\/02\/19-bis-768x508.jpg 768w\" sizes=\"(max-width: 823px) 100vw, 823px\" \/><\/figure>\n<\/figure>\n\n\n\n<p><\/p>\n\n\n\n<p><strong>10 lutego 2025 r. <\/strong>&#8211; w 106. rocznic\u0119 zwyci\u0119skiej bitwy o \u0141omnic\u0119, kt\u00f3ra mia\u0142a miejsce 9 lutego 1919 r., ods\u0142oni\u0119to przy Szkole Podstawowej im. Powsta\u0144c\u00f3w Wielkopolskich tablic\u0119 upami\u0119tniaj\u0105c\u0105 udzia\u0142 w walkach \u0142omnickiego oddzia\u0142u powsta\u0144czego. Obchody rozpocz\u0119\u0142y si\u0119 msz\u0105 \u015bwi\u0119ta w zabytkowym ko\u015bciele w \u0141omnicy. G\u0142\u00f3wna cz\u0119\u015b\u0107 uroczysto\u015bci odby\u0142a si\u0119 na placu szkolnym z licznym udzia\u0142em uczni\u00f3w, poczt\u00f3w sztandarowych, mieszka\u0144c\u00f3w \u0141omnicy i zaproszonych go\u015bci, na czele ze starost\u0105 nowotomyskim &#8211; Andrzejem Wilko\u0144skim, burmistrzem Miasta i Gminy K\u00f3rnik \u2013 Przemys\u0142awem Pacholskim i skarbnikiem Gminy Zb\u0105szy\u0144 \u2013 Marcinem Hoffmannem. Instytut Pami\u0119ci Narodowej w Poznaniu &#8211; fundatora tablicy, reprezentowa\u0142 Wojciech Cha\u0142upka. Uroczysto\u015b\u0107 otworzy\u0142a dyrektor Szko\u0142y Podstawowej w \u0141omnicy, wchodz\u0105cej w sk\u0142ad Zespo\u0142u Szkolno &#8211; Przedszkolnego w Chro\u015bnicy, Anna Kluj. Po od\u015bpiewaniu hymnu nast\u0105pi\u0142o ods\u0142oni\u0119cie tablicy. W tym uroczystym akcie udzia\u0142 wzi\u0119li: Wojciech Cha\u0142upka z IPN, dyrektor szko\u0142y Anna Kluj, sekretarz gminy Marcin Hoffmann oraz Kazimiera Schulz, c\u00f3rka \u0142omnickiego powsta\u0144ca Walentego Grobysa. Proboszcz miejscowej parafii po\u015bwi\u0119ci\u0142 pami\u0105tkow\u0105 tablic\u0119, a przybyli mieszka\u0144cy i przedstawiciele w\u0142adz samorz\u0105dowych z\u0142o\u017cyli kwiaty oraz znicze. Podczas drugiej cz\u0119\u015bci, kt\u00f3ra odby\u0142a si\u0119 w budynku OSP, Agnieszka Kwa\u015bnioch z pozna\u0144skiego oddzia\u0142u IPN wyg\u0142osi\u0142a prelekcj\u0119 pt. \u201e\u0141omniczanie w Powstaniu Wielkopolskim\u201d. W cz\u0119\u015bci artystycznej wyst\u0105pili uczniowie Szko\u0142y Podstawowej im. Powsta\u0144c\u00f3w Wielkopolskich, kt\u00f3rzy zaprezentowali pie\u015bni patriotyczne. Uroczysto\u015bciom towarzyszy\u0142o okoliczno\u015bciowe wydawnictwo, jednodni\u00f3wka \u201e\u0141omniczanin\u201d opracowana przez Jolant\u0119 Bezdel. W wydarzeniu wzi\u0119\u0142a udzia\u0142 delegacja z k\u00f3rnickiego Ko\u0142a TPPW, potwierdzaj\u0105c silne wi\u0119zi pomi\u0119dzy K\u00f3rnikiem-Bninem a \u0141omnic\u0105. W bitwach o \u0141omnic\u0119 i Zb\u0105szy\u0144 poleg\u0142o siedemnastu harcerzy i \u017co\u0142nierzy IV Kompanii K\u00f3rnickiej Stanis\u0142awa Celichowskiego. <\/p>\n\n\n\n<p class=\"has-text-align-right\">Fot. Kazimierz Krawiarz<\/p>\n<div data-animation=\"pulse\" data-icons-animation=\"no-animation\" data-overlay=\"on\" data-change-size=\"\" data-button-size=\"0.7\" style=\"font-size:0.7em;display:none;\" class=\"supsystic-social-sharing supsystic-social-sharing-package-flat supsystic-social-sharing-hide-on-homepage supsystic-social-sharing-content supsystic-social-sharing-content-align-center\" data-text=\"\"><a class=\"social-sharing-button sharer-flat sharer-flat-2 counter-standard digg\" target=\"_blank\" title=\"Digg\" href=\"http:\/\/digg.com\/submit?url=http%3A%2F%2Fpowstaniewielkopolskie.pl%2Fnowa%2F%3Fp%3D10189&title=Oddano+ho%C5%82d+Powsta%C5%84com+Wielkopolskim+z+Oddzia%C5%82u+%C5%81omnickiego\" data-nid=\"8\" data-name=\"\" data-pid=\"1\" data-post-id=\"10189\" data-url=\"http:\/\/powstaniewielkopolskie.pl\/nowa\/wp-admin\/admin-ajax.php\" data-url=\"http:\/\/powstaniewielkopolskie.pl\/nowa\/wp-admin\/admin-ajax.php\" data-description=\"Oddano ho\u0142d Powsta\u0144com Wielkopolskim z Oddzia\u0142u \u0141omnickiego\" rel=\"nofollow\"><i class=\"fa fa-fw fa-digg\"><\/i><div class=\"counter-wrap standard\"><span class=\"counter\">0<\/span><\/div><\/a><a class=\"social-sharing-button sharer-flat sharer-flat-2 counter-standard mail\" target=\"_blank\" title=\"Mail\" href=\"#\" data-nid=\"16\" data-name=\"\" data-pid=\"1\" data-post-id=\"10189\" data-url=\"http:\/\/powstaniewielkopolskie.pl\/nowa\/wp-admin\/admin-ajax.php\" data-url=\"http:\/\/powstaniewielkopolskie.pl\/nowa\/wp-admin\/admin-ajax.php\" data-description=\"Oddano ho\u0142d Powsta\u0144com Wielkopolskim z Oddzia\u0142u \u0141omnickiego\" rel=\"nofollow\"><i class=\"fa fa-fw fa-envelope-o\"><\/i><div class=\"counter-wrap standard\"><span class=\"counter\">0<\/span><\/div><\/a><a class=\"social-sharing-button sharer-flat sharer-flat-2 counter-standard facebook\" target=\"_blank\" title=\"Facebook\" href=\"http:\/\/www.facebook.com\/sharer.php?u=http%3A%2F%2Fpowstaniewielkopolskie.pl%2Fnowa%2F%3Fp%3D10189\" data-nid=\"1\" data-name=\"\" data-pid=\"1\" data-post-id=\"10189\" data-url=\"http:\/\/powstaniewielkopolskie.pl\/nowa\/wp-admin\/admin-ajax.php\" data-url=\"http:\/\/powstaniewielkopolskie.pl\/nowa\/wp-admin\/admin-ajax.php\" data-description=\"Oddano ho\u0142d Powsta\u0144com Wielkopolskim z Oddzia\u0142u \u0141omnickiego\" rel=\"nofollow\"><i class=\"fa fa-fw fa-facebook\"><\/i><div class=\"counter-wrap standard\"><span class=\"counter\">0<\/span><\/div><\/a><a class=\"social-sharing-button sharer-flat sharer-flat-2 counter-standard whatsapp\" target=\"_blank\" title=\"WhatsApp\" href=\"whatsapp:\/\/send?text=http%3A%2F%2Fpowstaniewielkopolskie.pl%2Fnowa%2F%3Fp%3D10189\" data-nid=\"18\" data-name=\"\" data-pid=\"1\" data-post-id=\"10189\" data-url=\"http:\/\/powstaniewielkopolskie.pl\/nowa\/wp-admin\/admin-ajax.php\" data-url=\"http:\/\/powstaniewielkopolskie.pl\/nowa\/wp-admin\/admin-ajax.php\" data-description=\"Oddano ho\u0142d Powsta\u0144com Wielkopolskim z Oddzia\u0142u \u0141omnickiego\" rel=\"nofollow\"><i class=\"fa fa-fw fa-whatsapp\"><\/i><div class=\"counter-wrap standard\"><span class=\"counter\">0<\/span><\/div><\/a><a class=\"social-sharing-button sharer-flat sharer-flat-2 counter-standard twitter\" target=\"_blank\" title=\"Twitter\" href=\"https:\/\/twitter.com\/share?url=http%3A%2F%2Fpowstaniewielkopolskie.pl%2Fnowa%2F%3Fp%3D10189&text=Oddano+ho%C5%82d+Powsta%C5%84com+Wielkopolskim+z+Oddzia%C5%82u+%C5%81omnickiego\" data-nid=\"2\" data-name=\"\" data-pid=\"1\" data-post-id=\"10189\" data-url=\"http:\/\/powstaniewielkopolskie.pl\/nowa\/wp-admin\/admin-ajax.php\" data-url=\"http:\/\/powstaniewielkopolskie.pl\/nowa\/wp-admin\/admin-ajax.php\" data-description=\"Oddano ho\u0142d Powsta\u0144com Wielkopolskim z Oddzia\u0142u \u0141omnickiego\" rel=\"nofollow\"><i class=\"fa fa-fw fa-twitter\"><\/i><div class=\"counter-wrap standard\"><span class=\"counter\">0<\/span><\/div><\/a><a class=\"social-sharing-button sharer-flat sharer-flat-2 counter-standard googleplus\" target=\"_blank\" title=\"Google+\" href=\"https:\/\/plus.google.com\/share?url=http%3A%2F%2Fpowstaniewielkopolskie.pl%2Fnowa%2F%3Fp%3D10189\" data-nid=\"3\" data-name=\"\" data-pid=\"1\" data-post-id=\"10189\" data-url=\"http:\/\/powstaniewielkopolskie.pl\/nowa\/wp-admin\/admin-ajax.php\" data-url=\"http:\/\/powstaniewielkopolskie.pl\/nowa\/wp-admin\/admin-ajax.php\" data-description=\"Oddano ho\u0142d Powsta\u0144com Wielkopolskim z Oddzia\u0142u \u0141omnickiego\" rel=\"nofollow\"><i class=\"fa fa-fw fa-google-plus\"><\/i><div class=\"counter-wrap standard\"><span class=\"counter\">0<\/span><\/div><\/a><\/div>","protected":false},"excerpt":{"rendered":"<p>10 lutego 2025 r. &#8211; w 106. rocznic\u0119 zwyci\u0119skiej bitwy o \u0141omnic\u0119, kt\u00f3ra mia\u0142a miejsce 9 lutego 1919 r., ods\u0142oni\u0119to przy Szkole Podstawowej im. Powsta\u0144c\u00f3w Wielkopolskich tablic\u0119 upami\u0119tniaj\u0105c\u0105 udzia\u0142 w walkach \u0142omnickiego<a class=\"moretag\" href=\"http:\/\/powstaniewielkopolskie.pl\/nowa\/?p=10189\">Czytaj wi\u0119cej&#8230;<\/a><\/p>\n<div data-animation=\"pulse\" data-icons-animation=\"no-animation\" data-overlay=\"on\" data-change-size=\"\" data-button-size=\"0.7\" style=\"font-size:0.7em;display:none;\" class=\"supsystic-social-sharing supsystic-social-sharing-package-flat supsystic-social-sharing-hide-on-homepage supsystic-social-sharing-content supsystic-social-sharing-content-align-center\" data-text=\"\"><a class=\"social-sharing-button sharer-flat sharer-flat-2 counter-standard digg\" target=\"_blank\" title=\"Digg\" href=\"http:\/\/digg.com\/submit?url=http%3A%2F%2Fpowstaniewielkopolskie.pl%2Fnowa%2F%3Fp%3D10189&title=Oddano+ho%C5%82d+Powsta%C5%84com+Wielkopolskim+z+Oddzia%C5%82u+%C5%81omnickiego\" data-nid=\"8\" data-name=\"\" data-pid=\"1\" data-post-id=\"10189\" data-url=\"http:\/\/powstaniewielkopolskie.pl\/nowa\/wp-admin\/admin-ajax.php\" data-url=\"http:\/\/powstaniewielkopolskie.pl\/nowa\/wp-admin\/admin-ajax.php\" data-description=\"Oddano ho\u0142d Powsta\u0144com Wielkopolskim z Oddzia\u0142u \u0141omnickiego\" rel=\"nofollow\"><i class=\"fa fa-fw fa-digg\"><\/i><div class=\"counter-wrap standard\"><span class=\"counter\">0<\/span><\/div><\/a><a class=\"social-sharing-button sharer-flat sharer-flat-2 counter-standard mail\" target=\"_blank\" title=\"Mail\" href=\"#\" data-nid=\"16\" data-name=\"\" data-pid=\"1\" data-post-id=\"10189\" data-url=\"http:\/\/powstaniewielkopolskie.pl\/nowa\/wp-admin\/admin-ajax.php\" data-url=\"http:\/\/powstaniewielkopolskie.pl\/nowa\/wp-admin\/admin-ajax.php\" data-description=\"Oddano ho\u0142d Powsta\u0144com Wielkopolskim z Oddzia\u0142u \u0141omnickiego\" rel=\"nofollow\"><i class=\"fa fa-fw fa-envelope-o\"><\/i><div class=\"counter-wrap standard\"><span class=\"counter\">0<\/span><\/div><\/a><a class=\"social-sharing-button sharer-flat sharer-flat-2 counter-standard facebook\" target=\"_blank\" title=\"Facebook\" href=\"http:\/\/www.facebook.com\/sharer.php?u=http%3A%2F%2Fpowstaniewielkopolskie.pl%2Fnowa%2F%3Fp%3D10189\" data-nid=\"1\" data-name=\"\" data-pid=\"1\" data-post-id=\"10189\" data-url=\"http:\/\/powstaniewielkopolskie.pl\/nowa\/wp-admin\/admin-ajax.php\" data-url=\"http:\/\/powstaniewielkopolskie.pl\/nowa\/wp-admin\/admin-ajax.php\" data-description=\"Oddano ho\u0142d Powsta\u0144com Wielkopolskim z Oddzia\u0142u \u0141omnickiego\" rel=\"nofollow\"><i class=\"fa fa-fw fa-facebook\"><\/i><div class=\"counter-wrap standard\"><span class=\"counter\">0<\/span><\/div><\/a><a class=\"social-sharing-button sharer-flat sharer-flat-2 counter-standard whatsapp\" target=\"_blank\" title=\"WhatsApp\" href=\"whatsapp:\/\/send?text=http%3A%2F%2Fpowstaniewielkopolskie.pl%2Fnowa%2F%3Fp%3D10189\" data-nid=\"18\" data-name=\"\" data-pid=\"1\" data-post-id=\"10189\" data-url=\"http:\/\/powstaniewielkopolskie.pl\/nowa\/wp-admin\/admin-ajax.php\" data-url=\"http:\/\/powstaniewielkopolskie.pl\/nowa\/wp-admin\/admin-ajax.php\" data-description=\"Oddano ho\u0142d Powsta\u0144com Wielkopolskim z Oddzia\u0142u \u0141omnickiego\" rel=\"nofollow\"><i class=\"fa fa-fw fa-whatsapp\"><\/i><div class=\"counter-wrap standard\"><span class=\"counter\">0<\/span><\/div><\/a><a class=\"social-sharing-button sharer-flat sharer-flat-2 counter-standard twitter\" target=\"_blank\" title=\"Twitter\" href=\"https:\/\/twitter.com\/share?url=http%3A%2F%2Fpowstaniewielkopolskie.pl%2Fnowa%2F%3Fp%3D10189&text=Oddano+ho%C5%82d+Powsta%C5%84com+Wielkopolskim+z+Oddzia%C5%82u+%C5%81omnickiego\" data-nid=\"2\" data-name=\"\" data-pid=\"1\" data-post-id=\"10189\" data-url=\"http:\/\/powstaniewielkopolskie.pl\/nowa\/wp-admin\/admin-ajax.php\" data-url=\"http:\/\/powstaniewielkopolskie.pl\/nowa\/wp-admin\/admin-ajax.php\" data-description=\"Oddano ho\u0142d Powsta\u0144com Wielkopolskim z Oddzia\u0142u \u0141omnickiego\" rel=\"nofollow\"><i class=\"fa fa-fw fa-twitter\"><\/i><div class=\"counter-wrap standard\"><span class=\"counter\">0<\/span><\/div><\/a><a class=\"social-sharing-button sharer-flat sharer-flat-2 counter-standard googleplus\" target=\"_blank\" title=\"Google+\" href=\"https:\/\/plus.google.com\/share?url=http%3A%2F%2Fpowstaniewielkopolskie.pl%2Fnowa%2F%3Fp%3D10189\" data-nid=\"3\" data-name=\"\" data-pid=\"1\" data-post-id=\"10189\" data-url=\"http:\/\/powstaniewielkopolskie.pl\/nowa\/wp-admin\/admin-ajax.php\" data-url=\"http:\/\/powstaniewielkopolskie.pl\/nowa\/wp-admin\/admin-ajax.php\" data-description=\"Oddano ho\u0142d Powsta\u0144com Wielkopolskim z Oddzia\u0142u \u0141omnickiego\" rel=\"nofollow\"><i class=\"fa fa-fw fa-google-plus\"><\/i><div class=\"counter-wrap standard\"><span class=\"counter\">0<\/span><\/div><\/a><\/div>","protected":false},"author":4,"featured_media":10190,"comment_status":"closed","ping_status":"open","sticky":false,"template":"","format":"standard","meta":{"footnotes":""},"categories":[3],"tags":[],"_links":{"self":[{"href":"http:\/\/powstaniewielkopolskie.pl\/nowa\/index.php?rest_route=\/wp\/v2\/posts\/10189"}],"collection":[{"href":"http:\/\/powstaniewielkopolskie.pl\/nowa\/index.php?rest_route=\/wp\/v2\/posts"}],"about":[{"href":"http:\/\/powstaniewielkopolskie.pl\/nowa\/index.php?rest_route=\/wp\/v2\/types\/post"}],"author":[{"embeddable":true,"href":"http:\/\/powstaniewielkopolskie.pl\/nowa\/index.php?rest_route=\/wp\/v2\/users\/4"}],"replies":[{"embeddable":true,"href":"http:\/\/powstaniewielkopolskie.pl\/nowa\/index.php?rest_route=%2Fwp%2Fv2%2Fcomments&post=10189"}],"version-history":[{"count":3,"href":"http:\/\/powstaniewielkopolskie.pl\/nowa\/index.php?rest_route=\/wp\/v2\/posts\/10189\/revisions"}],"predecessor-version":[{"id":10196,"href":"http:\/\/powstaniewielkopolskie.pl\/nowa\/index.php?rest_route=\/wp\/v2\/posts\/10189\/revisions\/10196"}],"wp:featuredmedia":[{"embeddable":true,"href":"http:\/\/powstaniewielkopolskie.pl\/nowa\/index.php?rest_route=\/wp\/v2\/media\/10190"}],"wp:attachment":[{"href":"http:\/\/powstaniewielkopolskie.pl\/nowa\/index.php?rest_route=%2Fwp%2Fv2%2Fmedia&parent=10189"}],"wp:term":[{"taxonomy":"category","embeddable":true,"href":"http:\/\/powstaniewielkopolskie.pl\/nowa\/index.php?rest_route=%2Fwp%2Fv2%2Fcategories&post=10189"},{"taxonomy":"post_tag","embeddable":true,"href":"http:\/\/powstaniewielkopolskie.pl\/nowa\/index.php?rest_route=%2Fwp%2Fv2%2Ftags&post=10189"}],"curies":[{"name":"wp","href":"https:\/\/api.w.org\/{rel}","templated":true}]}}