{"id":10137,"date":"2025-01-31T21:35:37","date_gmt":"2025-01-31T20:35:37","guid":{"rendered":"https:\/\/powstaniewielkopolskie.pl\/nowa\/?p=10137"},"modified":"2025-01-31T21:35:38","modified_gmt":"2025-01-31T20:35:38","slug":"uczczono-pamiec-ofiar-hitlerowskiego-obozu-sonnenburg","status":"publish","type":"post","link":"http:\/\/powstaniewielkopolskie.pl\/nowa\/?p=10137","title":{"rendered":"Uczczono pami\u0119\u0107 ofiar hitlerowskiego obozu \u201eSonnenburg&#8221;"},"content":{"rendered":"\n<p><strong>31 stycznia 2025 r.<\/strong> &#8211; w S\u0142o\u0144sku upami\u0119tniono ofiary hitlerowskiego obozu \u201eSonnenburg&#8221;, kt\u00f3ry istnia\u0142 tu do 1945 roku. 31 stycznia min\u0119\u0142a 80. rocznica jego likwidacji. W przededniu wkroczenia Armii Czerwonej esesmani rozstrzelali ponad 800 ostatnich wi\u0119\u017ani\u00f3w. By\u0142a to jedna z najwi\u0119kszych zbrodni dokonana na obszarze obecnej Polski podczas przechodzenia frontu. \u201eSonnenburg&#8221; zosta\u0142 za\u0142o\u017cony w pierwszej po\u0142owie XIX wieku, jako ci\u0119\u017ckie wi\u0119zienie. W latach 1846-1847 wi\u0119ziono w nim m.in. polskich dzia\u0142aczy niepodleg\u0142o\u015bciowych zwi\u0105zanych z powstaniem wielkopolskim 1846 roku. W 1933 roku przekszta\u0142cono je w pierwszy ob\u00f3z koncentracyjny. W czasie II wojny \u015bwiatowej do obozu trafili cz\u0142onkowie Polskiej Organizacji Walki o Niepodleg\u0142o\u015b\u0107, dzia\u0142aj\u0105cej we Francji. Obecnie znajduje si\u0119 tu Muzeum Martyrologii. &#8211; Musimy stale my\u015ble\u0107 o tych ofiarach i pami\u0119ta\u0107. Wierz\u0119, \u017ce my i m\u0142odzi b\u0119dziemy nie\u015b\u0107 pami\u0119\u0107 przez nast\u0119pne pokolenia \u2013 powiedzia\u0142 podczas uroczysto\u015bci rocznicowych szef Urz\u0119du ds. Kombatant\u00f3w i Os\u00f3b Represjonowanych Lech Parell. Uroczysto\u015bci u\u015bwietni\u0142a kompania honorowa 17 Wielkopolskiej Brygady Zmechanizowanej im. gen. broni J\u00f3zefa Dowbor Mu\u015bnickiego. Obecna by\u0142a delegacja witnickiego ko\u0142a Towarzystwa Pami\u0119ci Powstania Wielkopolskiego z pocztem sztandarowym i prezesem Marianem Pi\u0105tkowskim. Lubuski oddzia\u0142 TPPW reprezentowa\u0142 prezes Kamil Hypki. <\/p>\n\n\n\n<p class=\"has-text-align-right\">Fot. Kamil Hypki<\/p>\n<div data-animation=\"pulse\" data-icons-animation=\"no-animation\" data-overlay=\"on\" data-change-size=\"\" data-button-size=\"0.7\" style=\"font-size:0.7em;display:none;\" class=\"supsystic-social-sharing supsystic-social-sharing-package-flat supsystic-social-sharing-hide-on-homepage supsystic-social-sharing-content supsystic-social-sharing-content-align-center\" data-text=\"\"><a class=\"social-sharing-button sharer-flat sharer-flat-2 counter-standard digg\" target=\"_blank\" title=\"Digg\" href=\"http:\/\/digg.com\/submit?url=http%3A%2F%2Fpowstaniewielkopolskie.pl%2Fnowa%2F%3Fp%3D10137&title=Uczczono+pami%C4%99%C4%87+ofiar+hitlerowskiego+obozu+%E2%80%9ESonnenburg%26%238221%3B\" data-nid=\"8\" data-name=\"\" data-pid=\"1\" data-post-id=\"10137\" data-url=\"http:\/\/powstaniewielkopolskie.pl\/nowa\/wp-admin\/admin-ajax.php\" data-url=\"http:\/\/powstaniewielkopolskie.pl\/nowa\/wp-admin\/admin-ajax.php\" data-description=\"Uczczono pami\u0119\u0107 ofiar hitlerowskiego obozu \u201eSonnenburg\\\"\" rel=\"nofollow\"><i class=\"fa fa-fw fa-digg\"><\/i><div class=\"counter-wrap standard\"><span class=\"counter\">0<\/span><\/div><\/a><a class=\"social-sharing-button sharer-flat sharer-flat-2 counter-standard mail\" target=\"_blank\" title=\"Mail\" href=\"#\" data-nid=\"16\" data-name=\"\" data-pid=\"1\" data-post-id=\"10137\" data-url=\"http:\/\/powstaniewielkopolskie.pl\/nowa\/wp-admin\/admin-ajax.php\" data-url=\"http:\/\/powstaniewielkopolskie.pl\/nowa\/wp-admin\/admin-ajax.php\" data-description=\"Uczczono pami\u0119\u0107 ofiar hitlerowskiego obozu \u201eSonnenburg\\\"\" rel=\"nofollow\"><i class=\"fa fa-fw fa-envelope-o\"><\/i><div class=\"counter-wrap standard\"><span class=\"counter\">0<\/span><\/div><\/a><a class=\"social-sharing-button sharer-flat sharer-flat-2 counter-standard facebook\" target=\"_blank\" title=\"Facebook\" href=\"http:\/\/www.facebook.com\/sharer.php?u=http%3A%2F%2Fpowstaniewielkopolskie.pl%2Fnowa%2F%3Fp%3D10137\" data-nid=\"1\" data-name=\"\" data-pid=\"1\" data-post-id=\"10137\" data-url=\"http:\/\/powstaniewielkopolskie.pl\/nowa\/wp-admin\/admin-ajax.php\" data-url=\"http:\/\/powstaniewielkopolskie.pl\/nowa\/wp-admin\/admin-ajax.php\" data-description=\"Uczczono pami\u0119\u0107 ofiar hitlerowskiego obozu \u201eSonnenburg\\\"\" rel=\"nofollow\"><i class=\"fa fa-fw fa-facebook\"><\/i><div class=\"counter-wrap standard\"><span class=\"counter\">0<\/span><\/div><\/a><a class=\"social-sharing-button sharer-flat sharer-flat-2 counter-standard whatsapp\" target=\"_blank\" title=\"WhatsApp\" href=\"whatsapp:\/\/send?text=http%3A%2F%2Fpowstaniewielkopolskie.pl%2Fnowa%2F%3Fp%3D10137\" data-nid=\"18\" data-name=\"\" data-pid=\"1\" data-post-id=\"10137\" data-url=\"http:\/\/powstaniewielkopolskie.pl\/nowa\/wp-admin\/admin-ajax.php\" data-url=\"http:\/\/powstaniewielkopolskie.pl\/nowa\/wp-admin\/admin-ajax.php\" data-description=\"Uczczono pami\u0119\u0107 ofiar hitlerowskiego obozu \u201eSonnenburg\\\"\" rel=\"nofollow\"><i class=\"fa fa-fw fa-whatsapp\"><\/i><div class=\"counter-wrap standard\"><span class=\"counter\">0<\/span><\/div><\/a><a class=\"social-sharing-button sharer-flat sharer-flat-2 counter-standard twitter\" target=\"_blank\" title=\"Twitter\" href=\"https:\/\/twitter.com\/share?url=http%3A%2F%2Fpowstaniewielkopolskie.pl%2Fnowa%2F%3Fp%3D10137&text=Uczczono+pami%C4%99%C4%87+ofiar+hitlerowskiego+obozu+%E2%80%9ESonnenburg%26%238221%3B\" data-nid=\"2\" data-name=\"\" data-pid=\"1\" data-post-id=\"10137\" data-url=\"http:\/\/powstaniewielkopolskie.pl\/nowa\/wp-admin\/admin-ajax.php\" data-url=\"http:\/\/powstaniewielkopolskie.pl\/nowa\/wp-admin\/admin-ajax.php\" data-description=\"Uczczono pami\u0119\u0107 ofiar hitlerowskiego obozu \u201eSonnenburg\\\"\" rel=\"nofollow\"><i class=\"fa fa-fw fa-twitter\"><\/i><div class=\"counter-wrap standard\"><span class=\"counter\">0<\/span><\/div><\/a><a class=\"social-sharing-button sharer-flat sharer-flat-2 counter-standard googleplus\" target=\"_blank\" title=\"Google+\" href=\"https:\/\/plus.google.com\/share?url=http%3A%2F%2Fpowstaniewielkopolskie.pl%2Fnowa%2F%3Fp%3D10137\" data-nid=\"3\" data-name=\"\" data-pid=\"1\" data-post-id=\"10137\" data-url=\"http:\/\/powstaniewielkopolskie.pl\/nowa\/wp-admin\/admin-ajax.php\" data-url=\"http:\/\/powstaniewielkopolskie.pl\/nowa\/wp-admin\/admin-ajax.php\" data-description=\"Uczczono pami\u0119\u0107 ofiar hitlerowskiego obozu \u201eSonnenburg\\\"\" rel=\"nofollow\"><i class=\"fa fa-fw fa-google-plus\"><\/i><div class=\"counter-wrap standard\"><span class=\"counter\">0<\/span><\/div><\/a><\/div>","protected":false},"excerpt":{"rendered":"<p>31 stycznia 2025 r. &#8211; w S\u0142o\u0144sku upami\u0119tniono ofiary hitlerowskiego obozu \u201eSonnenburg&#8221;, kt\u00f3ry istnia\u0142 tu do 1945 roku. 31 stycznia min\u0119\u0142a 80. rocznica jego likwidacji. W przededniu wkroczenia Armii Czerwonej esesmani rozstrzelali<a class=\"moretag\" href=\"http:\/\/powstaniewielkopolskie.pl\/nowa\/?p=10137\">Czytaj wi\u0119cej&#8230;<\/a><\/p>\n<div data-animation=\"pulse\" data-icons-animation=\"no-animation\" data-overlay=\"on\" data-change-size=\"\" data-button-size=\"0.7\" style=\"font-size:0.7em;display:none;\" class=\"supsystic-social-sharing supsystic-social-sharing-package-flat supsystic-social-sharing-hide-on-homepage supsystic-social-sharing-content supsystic-social-sharing-content-align-center\" data-text=\"\"><a class=\"social-sharing-button sharer-flat sharer-flat-2 counter-standard digg\" target=\"_blank\" title=\"Digg\" href=\"http:\/\/digg.com\/submit?url=http%3A%2F%2Fpowstaniewielkopolskie.pl%2Fnowa%2F%3Fp%3D10137&title=Uczczono+pami%C4%99%C4%87+ofiar+hitlerowskiego+obozu+%E2%80%9ESonnenburg%26%238221%3B\" data-nid=\"8\" data-name=\"\" data-pid=\"1\" data-post-id=\"10137\" data-url=\"http:\/\/powstaniewielkopolskie.pl\/nowa\/wp-admin\/admin-ajax.php\" data-url=\"http:\/\/powstaniewielkopolskie.pl\/nowa\/wp-admin\/admin-ajax.php\" data-description=\"Uczczono pami\u0119\u0107 ofiar hitlerowskiego obozu \u201eSonnenburg\\\"\" rel=\"nofollow\"><i class=\"fa fa-fw fa-digg\"><\/i><div class=\"counter-wrap standard\"><span class=\"counter\">0<\/span><\/div><\/a><a class=\"social-sharing-button sharer-flat sharer-flat-2 counter-standard mail\" target=\"_blank\" title=\"Mail\" href=\"#\" data-nid=\"16\" data-name=\"\" data-pid=\"1\" data-post-id=\"10137\" data-url=\"http:\/\/powstaniewielkopolskie.pl\/nowa\/wp-admin\/admin-ajax.php\" data-url=\"http:\/\/powstaniewielkopolskie.pl\/nowa\/wp-admin\/admin-ajax.php\" data-description=\"Uczczono pami\u0119\u0107 ofiar hitlerowskiego obozu \u201eSonnenburg\\\"\" rel=\"nofollow\"><i class=\"fa fa-fw fa-envelope-o\"><\/i><div class=\"counter-wrap standard\"><span class=\"counter\">0<\/span><\/div><\/a><a class=\"social-sharing-button sharer-flat sharer-flat-2 counter-standard facebook\" target=\"_blank\" title=\"Facebook\" href=\"http:\/\/www.facebook.com\/sharer.php?u=http%3A%2F%2Fpowstaniewielkopolskie.pl%2Fnowa%2F%3Fp%3D10137\" data-nid=\"1\" data-name=\"\" data-pid=\"1\" data-post-id=\"10137\" data-url=\"http:\/\/powstaniewielkopolskie.pl\/nowa\/wp-admin\/admin-ajax.php\" data-url=\"http:\/\/powstaniewielkopolskie.pl\/nowa\/wp-admin\/admin-ajax.php\" data-description=\"Uczczono pami\u0119\u0107 ofiar hitlerowskiego obozu \u201eSonnenburg\\\"\" rel=\"nofollow\"><i class=\"fa fa-fw fa-facebook\"><\/i><div class=\"counter-wrap standard\"><span class=\"counter\">0<\/span><\/div><\/a><a class=\"social-sharing-button sharer-flat sharer-flat-2 counter-standard whatsapp\" target=\"_blank\" title=\"WhatsApp\" href=\"whatsapp:\/\/send?text=http%3A%2F%2Fpowstaniewielkopolskie.pl%2Fnowa%2F%3Fp%3D10137\" data-nid=\"18\" data-name=\"\" data-pid=\"1\" data-post-id=\"10137\" data-url=\"http:\/\/powstaniewielkopolskie.pl\/nowa\/wp-admin\/admin-ajax.php\" data-url=\"http:\/\/powstaniewielkopolskie.pl\/nowa\/wp-admin\/admin-ajax.php\" data-description=\"Uczczono pami\u0119\u0107 ofiar hitlerowskiego obozu \u201eSonnenburg\\\"\" rel=\"nofollow\"><i class=\"fa fa-fw fa-whatsapp\"><\/i><div class=\"counter-wrap standard\"><span class=\"counter\">0<\/span><\/div><\/a><a class=\"social-sharing-button sharer-flat sharer-flat-2 counter-standard twitter\" target=\"_blank\" title=\"Twitter\" href=\"https:\/\/twitter.com\/share?url=http%3A%2F%2Fpowstaniewielkopolskie.pl%2Fnowa%2F%3Fp%3D10137&text=Uczczono+pami%C4%99%C4%87+ofiar+hitlerowskiego+obozu+%E2%80%9ESonnenburg%26%238221%3B\" data-nid=\"2\" data-name=\"\" data-pid=\"1\" data-post-id=\"10137\" data-url=\"http:\/\/powstaniewielkopolskie.pl\/nowa\/wp-admin\/admin-ajax.php\" data-url=\"http:\/\/powstaniewielkopolskie.pl\/nowa\/wp-admin\/admin-ajax.php\" data-description=\"Uczczono pami\u0119\u0107 ofiar hitlerowskiego obozu \u201eSonnenburg\\\"\" rel=\"nofollow\"><i class=\"fa fa-fw fa-twitter\"><\/i><div class=\"counter-wrap standard\"><span class=\"counter\">0<\/span><\/div><\/a><a class=\"social-sharing-button sharer-flat sharer-flat-2 counter-standard googleplus\" target=\"_blank\" title=\"Google+\" href=\"https:\/\/plus.google.com\/share?url=http%3A%2F%2Fpowstaniewielkopolskie.pl%2Fnowa%2F%3Fp%3D10137\" data-nid=\"3\" data-name=\"\" data-pid=\"1\" data-post-id=\"10137\" data-url=\"http:\/\/powstaniewielkopolskie.pl\/nowa\/wp-admin\/admin-ajax.php\" data-url=\"http:\/\/powstaniewielkopolskie.pl\/nowa\/wp-admin\/admin-ajax.php\" data-description=\"Uczczono pami\u0119\u0107 ofiar hitlerowskiego obozu \u201eSonnenburg\\\"\" rel=\"nofollow\"><i class=\"fa fa-fw fa-google-plus\"><\/i><div class=\"counter-wrap standard\"><span class=\"counter\">0<\/span><\/div><\/a><\/div>","protected":false},"author":4,"featured_media":10138,"comment_status":"closed","ping_status":"open","sticky":false,"template":"","format":"standard","meta":{"footnotes":""},"categories":[3],"tags":[],"_links":{"self":[{"href":"http:\/\/powstaniewielkopolskie.pl\/nowa\/index.php?rest_route=\/wp\/v2\/posts\/10137"}],"collection":[{"href":"http:\/\/powstaniewielkopolskie.pl\/nowa\/index.php?rest_route=\/wp\/v2\/posts"}],"about":[{"href":"http:\/\/powstaniewielkopolskie.pl\/nowa\/index.php?rest_route=\/wp\/v2\/types\/post"}],"author":[{"embeddable":true,"href":"http:\/\/powstaniewielkopolskie.pl\/nowa\/index.php?rest_route=\/wp\/v2\/users\/4"}],"replies":[{"embeddable":true,"href":"http:\/\/powstaniewielkopolskie.pl\/nowa\/index.php?rest_route=%2Fwp%2Fv2%2Fcomments&post=10137"}],"version-history":[{"count":1,"href":"http:\/\/powstaniewielkopolskie.pl\/nowa\/index.php?rest_route=\/wp\/v2\/posts\/10137\/revisions"}],"predecessor-version":[{"id":10139,"href":"http:\/\/powstaniewielkopolskie.pl\/nowa\/index.php?rest_route=\/wp\/v2\/posts\/10137\/revisions\/10139"}],"wp:featuredmedia":[{"embeddable":true,"href":"http:\/\/powstaniewielkopolskie.pl\/nowa\/index.php?rest_route=\/wp\/v2\/media\/10138"}],"wp:attachment":[{"href":"http:\/\/powstaniewielkopolskie.pl\/nowa\/index.php?rest_route=%2Fwp%2Fv2%2Fmedia&parent=10137"}],"wp:term":[{"taxonomy":"category","embeddable":true,"href":"http:\/\/powstaniewielkopolskie.pl\/nowa\/index.php?rest_route=%2Fwp%2Fv2%2Fcategories&post=10137"},{"taxonomy":"post_tag","embeddable":true,"href":"http:\/\/powstaniewielkopolskie.pl\/nowa\/index.php?rest_route=%2Fwp%2Fv2%2Ftags&post=10137"}],"curies":[{"name":"wp","href":"https:\/\/api.w.org\/{rel}","templated":true}]}}